{"id":114357,"date":"2015-02-24T17:20:52","date_gmt":"2015-02-24T16:20:52","guid":{"rendered":"http:\/\/www.cronacaonline.it\/public\/content\/index.php\/24\/02\/2015\/segreto-bancario-accordo-con-la-svizzera-renzi-tornano-miliardi-di-euro"},"modified":"2015-02-24T17:20:52","modified_gmt":"2015-02-24T16:20:52","slug":"segreto-bancario-accordo-con-la-svizzera-renzi-tornano-miliardi-di-euro","status":"publish","type":"post","link":"https:\/\/www.cronacaonline.it\/index.php\/2015\/02\/24\/segreto-bancario-accordo-con-la-svizzera-renzi-tornano-miliardi-di-euro\/","title":{"rendered":"Segreto bancario, accordo con la Svizzera, Renzi: &#8220;tornano miliardi di euro&#8221;"},"content":{"rendered":"<p>\"Miliardi di euro che tornano allo Stato\". Con queste parole su Twitter il presidente del Consiglio Matteo Renzi plaude all'accordo con la Svizzera sul segreto fiscale siglato oggi a Milano dal ministro dell'Economia Pier Carlo Padoan con il capo del Dipartimento federale delle finanze svizzero, Eveline Widmer-Schlumpf. Una promessa che Renzi aveva fatto agli italiani in campagna elettorale.<\/p>\n<p>L'accordo di fatto pone le condizioni per la fine del segreto bancario fra i due Paesi e permette alla Svizzera di uscire dalla black-list fiscale-finanziaria permettendo ai contribuenti italiani che intendono avvalersi della voluntary disclosure di beneficiare di condizioni migliori in termini di anni da sanare e di oneri da sostenere.<\/p>\n<p>Oltre al protocollo i due ministri hanno siglato una \"road map\" per la prosecuzione del dialogo fra i due paesi in materia fiscale e finanziaria. L'accordo - ha detto Padoan -\"va nella direzione dell'eliminazione dei paradisi fiscali. Ce ne sono altri - ha aggiunto - ma questo accordo va nella direzione della loro eliminazione. Per loro sar\u00e0 sempre meno conveniente e pi\u00f9 difficile resistere allo scambio di informazioni e sar\u00e0 meno conveniente rivolgersi a questi Paesi\". Il titolare del dicastero di Via XX settembre ha inoltre annunciato che il 26 febbraio l'Italia firmer\u00e0 un accordo in materia fiscale anche con il Liechtenstein.<\/p>\n<p>Per quanto concerne il segreto bancario si prevede lo scambio \"a richiesta\" di informazioni modificando l\u2019attuale Convenzione sulla doppia imposizione Italia-Svizzera. Il protocollo sar\u00e0 applicabile dopo l\u2019entrata in vigore, a decorrere dalla firma, poi sar\u00e0 soggetto alla ratifica dei due parlamenti. L\u2019intero processo avr\u00e0 quindi bisogno di un anno o due per il completamento.<\/p>\n<p>Per la blacklist, con l\u2019entrata in vigore del protocollo, la Svizzera sar\u00e0 rimossa dalle liste che considerano come criterio unico l\u2019assenza dello scambio automatico di informazioni. Quando gli attuali regimi fiscali privilegiati svizzeri saranno aboliti o resi conformi con gli standard internazionali, saranno rimossi dalle liste italiane. Per il rimpatrio dei capitali, previsto dalla voluntary disclosure, la Svizzera gi\u00e0 rientra nella White List.<\/p>\n<p>Poi c'\u00e8 il capitolo a parte sullo status doganale di Campione d\u2019Italia, enclave comasca in Svizzera, su cui per\u00f2 ancora ci sarebbero dei problemi. Sul tema frontalieri - sono circa 60mila persone - che attualmente pagano le tasse sul reddito al fisco svizzero, dovr\u00e0 essere costruito un nuovo accordo per cui parte del reddito sar\u00e0 tassato nella confederazione (fino al 70%) e parte in Italia. Non ci sar\u00e0 pi\u00f9 il ristorno, ma sarebbe lo Stato italiano a compensare i Comuni frontalieri. <\/p>\n","protected":false},"excerpt":{"rendered":"<p>&#8220;Miliardi di euro che tornano allo Stato&#8221;. Con queste parole su Twitter il presidente del Consiglio Matteo Renzi plaude all&#8217;accordo con la Svizzera sul segreto&#8230;<\/p>\n","protected":false},"author":2,"featured_media":0,"comment_status":"closed","ping_status":"closed","sticky":false,"template":"","format":"standard","meta":[],"categories":[49],"tags":[],"_links":{"self":[{"href":"https:\/\/www.cronacaonline.it\/index.php\/wp-json\/wp\/v2\/posts\/114357"}],"collection":[{"href":"https:\/\/www.cronacaonline.it\/index.php\/wp-json\/wp\/v2\/posts"}],"about":[{"href":"https:\/\/www.cronacaonline.it\/index.php\/wp-json\/wp\/v2\/types\/post"}],"author":[{"embeddable":true,"href":"https:\/\/www.cronacaonline.it\/index.php\/wp-json\/wp\/v2\/users\/2"}],"replies":[{"embeddable":true,"href":"https:\/\/www.cronacaonline.it\/index.php\/wp-json\/wp\/v2\/comments?post=114357"}],"version-history":[{"count":0,"href":"https:\/\/www.cronacaonline.it\/index.php\/wp-json\/wp\/v2\/posts\/114357\/revisions"}],"wp:attachment":[{"href":"https:\/\/www.cronacaonline.it\/index.php\/wp-json\/wp\/v2\/media?parent=114357"}],"wp:term":[{"taxonomy":"category","embeddable":true,"href":"https:\/\/www.cronacaonline.it\/index.php\/wp-json\/wp\/v2\/categories?post=114357"},{"taxonomy":"post_tag","embeddable":true,"href":"https:\/\/www.cronacaonline.it\/index.php\/wp-json\/wp\/v2\/tags?post=114357"}],"curies":[{"name":"wp","href":"https:\/\/api.w.org\/{rel}","templated":true}]}}