{"id":114356,"date":"2015-02-24T17:20:52","date_gmt":"2015-02-24T16:20:52","guid":{"rendered":"http:\/\/www.cronacaonline.it\/public\/content\/index.php\/24\/02\/2015\/copagri-sardegna---imu-in-agricoltura-domani-sit-in-a-roma-contro-una-tassa-iniqua-che-uccide-le-aziende"},"modified":"2015-02-24T17:20:52","modified_gmt":"2015-02-24T16:20:52","slug":"copagri-sardegna-imu-in-agricoltura-domani-sit-in-a-roma-contro-una-tassa-iniqua-che-uccide-le-aziende","status":"publish","type":"post","link":"https:\/\/www.cronacaonline.it\/index.php\/2015\/02\/24\/copagri-sardegna-imu-in-agricoltura-domani-sit-in-a-roma-contro-una-tassa-iniqua-che-uccide-le-aziende\/","title":{"rendered":"Copagri Sardegna &#8211; Imu in agricoltura, domani sit-in a Roma contro una tassa iniqua che uccide le aziende"},"content":{"rendered":"<p>Anche la Sardegna aderisce alla manifestazione nazionale contro l'imposizione dell'Imu in agricoltura. Domani (25 febbraio, dalle 8 alle 14), Copagri organizza un sit-in davanti alla Camera dei deputati, in Piazza Montecitorio a Roma, per sensibilizzare i parlamentari e l'opinione pubblica rispetto all'iniquit\u00e0 dell'Imposta municipale unica (Imu, appunto).<\/p>\n<p>L'imposta colpisce le aziende agricole a partire dai fabbricati e dai beni strumentali, compresa la terra, bene imprescindibile per svolgere l'ordinaria attivit\u00e0 di impresa. I vertici nazionali e sardi dell'associazione sottolineano come le aziende agricole devono gi\u00e0 fare i conti con una situazione insostenibile fatta di ricavi che non coprono pi\u00f9 i costi produttivi e gli oneri tributari. Solo per fare qualche esempio: al settore \u00e8 stata ridotta del 23% la quota dei consumi medi di gasolio ammessa alle agevolazioni ed \u00e8 stata cancellata la deduzione del costo del lavoro agricolo a tempo determinato dalla base imponibile Irap, prevista con la legge di stabilit\u00e0. Sono nuovi aggravi che fanno il paio con l'Imu, sulla quale, peraltro, non manca grande confusione dopo la nota con cui l'Istat ha dichiarato di non avere fornito alcun dato per la classificazione delle zone montane, parzialmente tali o per nulla interessate, che invece si riferisce a una legge del 1952. Nessun aggiornamento, dunque, \u00e8 stato apportato.<\/p>\n<p>L'emendamento approvato dalla Commissione Finanze alla Camera, aggiunge Copagri Sardegna, \u00abnon prevede modifiche sostanziali ma che il pagamento possa slittare al 31 marzo senza applicazione di interessi e sanzioni\u00bb. Nell decreto, inoltre, non \u00e8 previsto nemmeno un rimborso o una compensazione per chi abbia applicato i vecchi criteri di determinazione dell'imposta (in base al decreto del 28 novembre 2014) anche se con i nuovi criteri dovesse risultare esente.<\/p>\n<p>\u00abTassare un bene di produzione \u00e8 profondamente ingiusto\u00bb, conclude il presidente di Copagri Sardegna, Ignazio Cirronis. \u00abUna cosa \u00e8 tassare utili, altro aggravare i costi di produzione gi\u00e0 di per s\u00e9 molto alti\u00bb. \u00abAttendiamo la sentenza sul merito del Tar del Lazio\u00bb, aggiunge il coordinatore di Copagri Sardegna, Pietro Tandeddu, \u00abe nel frattempo, come consigliato dall'Anci, forse non \u00e8 sbagliato non pagare. In caso di sentenza sfavorevole si pu\u00f2 ricorrere al \u201cravvedimento operoso\u201d con pochi aggravi. Quella di pagare o meno \u00e8 per\u00f2 una scelta che spetta ai produttori interessati\u00bb.<\/p>\n<p>Domani, quindi, Copagri manifester\u00e0 nei confronti di questa tassa che \u00e8 contro l'impresa, sottolineando la leggerezza e la superficialit\u00e0 di un provvedimento creato solo nella logica di fare cassa, senza prima realizzare una concreta revisione della spesa laddove \u00e8 possibile, e i margini sono vasti. Com<\/p>\n","protected":false},"excerpt":{"rendered":"<p>Anche la Sardegna aderisce alla manifestazione nazionale contro l&#8217;imposizione dell&#8217;Imu in agricoltura. Domani (25 febbraio, dalle 8 alle 14), Copagri organizza un sit-in davanti alla&#8230;<\/p>\n","protected":false},"author":2,"featured_media":0,"comment_status":"closed","ping_status":"closed","sticky":false,"template":"","format":"standard","meta":[],"categories":[49],"tags":[],"_links":{"self":[{"href":"https:\/\/www.cronacaonline.it\/index.php\/wp-json\/wp\/v2\/posts\/114356"}],"collection":[{"href":"https:\/\/www.cronacaonline.it\/index.php\/wp-json\/wp\/v2\/posts"}],"about":[{"href":"https:\/\/www.cronacaonline.it\/index.php\/wp-json\/wp\/v2\/types\/post"}],"author":[{"embeddable":true,"href":"https:\/\/www.cronacaonline.it\/index.php\/wp-json\/wp\/v2\/users\/2"}],"replies":[{"embeddable":true,"href":"https:\/\/www.cronacaonline.it\/index.php\/wp-json\/wp\/v2\/comments?post=114356"}],"version-history":[{"count":0,"href":"https:\/\/www.cronacaonline.it\/index.php\/wp-json\/wp\/v2\/posts\/114356\/revisions"}],"wp:attachment":[{"href":"https:\/\/www.cronacaonline.it\/index.php\/wp-json\/wp\/v2\/media?parent=114356"}],"wp:term":[{"taxonomy":"category","embeddable":true,"href":"https:\/\/www.cronacaonline.it\/index.php\/wp-json\/wp\/v2\/categories?post=114356"},{"taxonomy":"post_tag","embeddable":true,"href":"https:\/\/www.cronacaonline.it\/index.php\/wp-json\/wp\/v2\/tags?post=114356"}],"curies":[{"name":"wp","href":"https:\/\/api.w.org\/{rel}","templated":true}]}}