{"id":114354,"date":"2015-02-24T17:20:52","date_gmt":"2015-02-24T16:20:52","guid":{"rendered":"http:\/\/www.cronacaonline.it\/public\/content\/index.php\/24\/02\/2015\/grecia-tsipras-consegna-il-piano-di-riforme-ue-buon-punto-partenza-commissione-incoraggiata"},"modified":"2015-02-24T17:20:52","modified_gmt":"2015-02-24T16:20:52","slug":"grecia-tsipras-consegna-il-piano-di-riforme-ue-buon-punto-partenza-commissione-incoraggiata","status":"publish","type":"post","link":"https:\/\/www.cronacaonline.it\/index.php\/2015\/02\/24\/grecia-tsipras-consegna-il-piano-di-riforme-ue-buon-punto-partenza-commissione-incoraggiata\/","title":{"rendered":"Grecia, Tsipras consegna il piano di riforme. Ue: &#8220;buon punto partenza, commissione incoraggiata&#8221;"},"content":{"rendered":"<p>Il piano di riforme chiesto ad Atene dall'Eurogruppo \u00e8 giunto sul tavolo delle istituzioni europee e del Fondo monetario internazionale \"nella notte, ma in tempo\". Lo conferma la portavoce della direzione generale degli Affari economici e monetari della Commissione Ue. Con queste misure, se valutate positivamente dai creditori, sar\u00e0 possibile il prolungamento dei prestiti alla Grecia per altri 4 mesi. Bce, Fmi e Ue dovranno dare il loro parere sul piano, poi spetter\u00e0 all'Eurogruppo che lo esaminer\u00e0 con una consultazione telematica. A fine febbraio, proprio in concomitanza con la scadenza del programma di salvataggio internazionale, i Parlamenti nazionali dovranno votare l'eventuale accordo con la Grecia. Secondo una fonte vicina alla Commissione europea, \"dal punto di vista della Commissione, la lista \u00e8 abbastanza esaustiva da essere un valido punto di partenza per una positiva conclusione della revisione del programma come chiesto dall'Eurogruppo, siamo decisamente incoraggiati dal forte impegno a combattere l'evasione fiscale e la corruzione\". Ulteriori specifiche, continua la fonte europea, \"sono attese prima della fine di aprile\". <\/p>\n<p>La lista \u00e8 stata inviata intorno a mezzanotte dal ministro delle finanze greco Varoufalis al presidente dell'Eurogruppo, Jeroen Dijsselbloem, e ai rappresentanti di Commissione, Bce e Fmi. L'invio \u00e8 stato preceduto da \"un costruttivo dialogo\" tra le autorit\u00e0 greche e le tre istituzioni \"per tutto il weekend\". Ma - viene sottolineato - \"la chiave per una positiva conclusione della 'revisione' del programma sar\u00e0 la pronta e determinata applicazione di tutti gli impegni di riforma\".<\/p>\n<p>Nel piano di Atene - secondo indiscrezioni - ci sarebbero solo due misure sociali per affrontare la crisi umanitaria del Paese: buoni pasto, energia e sanit\u00e0 per i poveri, possibile estensione dello schema pilota di salario minimo. Il governo greco avrebbe specificato che \"la lotta alla crisi umanitaria non avr\u00e0 effetti negativi per il bilancio\". Nella lista di riforme il governo ellenico osserva che la Grecia, inoltre, \"si impegna a non ritirare le privatizzazioni gi\u00e0 completate e a rispettare, in base alla legge, quelle per cui \u00e8 stato lanciato il bando\", ma \"rivedr\u00e0 quelle non ancora lanciate puntando a migliorare i benefici a lungo termine per il Governo\". Secondo le anticipazioni pubblicate ieri dal tabloid tedesco Bild, il piano prevederebbe oltre 7 miliardi di risparmi da lotta a corruzione, contrabbando ed evasione fiscale, riforma della burocrazia, patrimoniale sui ricchi da circa 2,5 miliardi.<\/p>\n<p>Secondo l'economista della London School of Economics Gabriel Zucman citato dal Sole 24 Ore si stima infatti che i greci abbiano depositi per circa 60 miliardi di euro nei caveau delle banche svizzere. L'esecutivo potrebbe infatti proporre un condono fiscale per coloro che hanno somme detenute all'estero. Ma il premier greco Alexis Tsipras \u00e8 in difficolt\u00e0 perch\u00e9 deve fronteggiare anche la contestazione della sinistra di Syriza, il parito di cui \u00e8 leader, che lo accusa di aver ceduto.<\/p>\n<p>Per l'Eurogruppo la lista di misure che il governo Tsipras intende avviare \u00e8 la condizione indispensabile per concedere il prolungamento dei prestiti per quattro mesi e con esso anche il tempo chiesto da Atene per trovare il compromesso tra le promesse fatte in campagna elettorale e la realt\u00e0 degli impegni vincolanti.<\/p>\n<p>Ieri Jean Claude Juncker, in una intervista al settimanale economico tedesco Wirtschaftswoche, aveva avvertito il governo Tsipras - gi\u00e0 in difficolt\u00e0 per la contestazione della sinistra interna - che sarebbe meglio accantonare la proposta di aumento del salario minimo a 751 euro al mese: se lo facesse, \"in Europa ci sarebbero sei paesi con un salario minimo inferiore\", tra cui Spagna e Slovacchia. Ma per la Commissione \"non esiste un piano B\" che preveda l'ipotesi di uscita della Grecia dall'euro. <\/p>\n","protected":false},"excerpt":{"rendered":"<p>Il piano di riforme chiesto ad Atene dall&#8217;Eurogruppo \u00e8 giunto sul tavolo delle istituzioni europee e del Fondo monetario internazionale &#8220;nella notte, ma in tempo&#8221;.&#8230;<\/p>\n","protected":false},"author":2,"featured_media":0,"comment_status":"closed","ping_status":"closed","sticky":false,"template":"","format":"standard","meta":[],"categories":[49],"tags":[],"_links":{"self":[{"href":"https:\/\/www.cronacaonline.it\/index.php\/wp-json\/wp\/v2\/posts\/114354"}],"collection":[{"href":"https:\/\/www.cronacaonline.it\/index.php\/wp-json\/wp\/v2\/posts"}],"about":[{"href":"https:\/\/www.cronacaonline.it\/index.php\/wp-json\/wp\/v2\/types\/post"}],"author":[{"embeddable":true,"href":"https:\/\/www.cronacaonline.it\/index.php\/wp-json\/wp\/v2\/users\/2"}],"replies":[{"embeddable":true,"href":"https:\/\/www.cronacaonline.it\/index.php\/wp-json\/wp\/v2\/comments?post=114354"}],"version-history":[{"count":0,"href":"https:\/\/www.cronacaonline.it\/index.php\/wp-json\/wp\/v2\/posts\/114354\/revisions"}],"wp:attachment":[{"href":"https:\/\/www.cronacaonline.it\/index.php\/wp-json\/wp\/v2\/media?parent=114354"}],"wp:term":[{"taxonomy":"category","embeddable":true,"href":"https:\/\/www.cronacaonline.it\/index.php\/wp-json\/wp\/v2\/categories?post=114354"},{"taxonomy":"post_tag","embeddable":true,"href":"https:\/\/www.cronacaonline.it\/index.php\/wp-json\/wp\/v2\/tags?post=114354"}],"curies":[{"name":"wp","href":"https:\/\/api.w.org\/{rel}","templated":true}]}}