{"id":114350,"date":"2015-02-24T17:20:52","date_gmt":"2015-02-24T16:20:52","guid":{"rendered":"http:\/\/www.cronacaonline.it\/public\/content\/index.php\/24\/02\/2015\/luniversita-di-sassari-abbassa-le-tasse-universitarie"},"modified":"2015-02-24T17:20:52","modified_gmt":"2015-02-24T16:20:52","slug":"luniversita-di-sassari-abbassa-le-tasse-universitarie","status":"publish","type":"post","link":"https:\/\/www.cronacaonline.it\/index.php\/2015\/02\/24\/luniversita-di-sassari-abbassa-le-tasse-universitarie\/","title":{"rendered":"L&#8217;Universit\u00e0 di Sassari abbassa le tasse universitarie"},"content":{"rendered":"<p>L'Universit\u00e0 degli Studi di Sassari interviene a sostegno delle famiglie abbassando l'importo delle tasse universitarie. Per volont\u00e0 del Rettore Massimo Carpinelli, la terza rata della tassa di iscrizione, in scadenza il 30 aprile 2015, sar\u00e0 ridotta di 50 euro per tutti gli studenti che abbiano maturato almeno 40 Crediti formativi universitari nello scorso anno accademico.<\/p>\n<p>\"Come \u00e8 noto, la Regione Sardegna, a partire da quest\u2019anno accademico 2014\/2015, ha previsto l\u2019aumento da 62 a 140 euro della tassa regionale ERSU, senza distinzione di fascia o reddito \u2013 spiega Massimo Carpinelli - Come Rettore ho preso molto seriamente questa situazione e sto vagliando attentamente ogni contromisura possibile. Nell\u2019immediato, ho deciso di dare un concreto segnale di aiuto alle famiglie, coerentemente con la mia politica di sostegno al diritto allo studio\".<\/p>\n<p>La riduzione della terza rata di iscrizione \u00e8 un\u2019agevolazione che l\u2019Ateneo avrebbe dovuto applicare a partire dal prossimo anno accademico 2015\/2016, ma il Rettore ha voluto anticiparla per dare un sostegno reale agli studenti e alle famiglie che si trovano ad affrontare, ad anno ormai iniziato, un ulteriore esborso non preventivato.<\/p>\n","protected":false},"excerpt":{"rendered":"<p>L&#8217;Universit\u00e0 degli Studi di Sassari interviene a sostegno delle famiglie abbassando l&#8217;importo delle tasse universitarie. Per volont\u00e0 del Rettore Massimo Carpinelli, la terza rata della&#8230;<\/p>\n","protected":false},"author":2,"featured_media":0,"comment_status":"closed","ping_status":"closed","sticky":false,"template":"","format":"standard","meta":[],"categories":[49],"tags":[],"_links":{"self":[{"href":"https:\/\/www.cronacaonline.it\/index.php\/wp-json\/wp\/v2\/posts\/114350"}],"collection":[{"href":"https:\/\/www.cronacaonline.it\/index.php\/wp-json\/wp\/v2\/posts"}],"about":[{"href":"https:\/\/www.cronacaonline.it\/index.php\/wp-json\/wp\/v2\/types\/post"}],"author":[{"embeddable":true,"href":"https:\/\/www.cronacaonline.it\/index.php\/wp-json\/wp\/v2\/users\/2"}],"replies":[{"embeddable":true,"href":"https:\/\/www.cronacaonline.it\/index.php\/wp-json\/wp\/v2\/comments?post=114350"}],"version-history":[{"count":0,"href":"https:\/\/www.cronacaonline.it\/index.php\/wp-json\/wp\/v2\/posts\/114350\/revisions"}],"wp:attachment":[{"href":"https:\/\/www.cronacaonline.it\/index.php\/wp-json\/wp\/v2\/media?parent=114350"}],"wp:term":[{"taxonomy":"category","embeddable":true,"href":"https:\/\/www.cronacaonline.it\/index.php\/wp-json\/wp\/v2\/categories?post=114350"},{"taxonomy":"post_tag","embeddable":true,"href":"https:\/\/www.cronacaonline.it\/index.php\/wp-json\/wp\/v2\/tags?post=114350"}],"curies":[{"name":"wp","href":"https:\/\/api.w.org\/{rel}","templated":true}]}}