{"id":114346,"date":"2015-02-24T17:20:52","date_gmt":"2015-02-24T16:20:52","guid":{"rendered":"http:\/\/www.cronacaonline.it\/public\/content\/index.php\/24\/02\/2015\/comune-di-cagliari--interazione-tra-biblioteche-del-territorio"},"modified":"2015-02-24T17:20:52","modified_gmt":"2015-02-24T16:20:52","slug":"comune-di-cagliari-interazione-tra-biblioteche-del-territorio","status":"publish","type":"post","link":"https:\/\/www.cronacaonline.it\/index.php\/2015\/02\/24\/comune-di-cagliari-interazione-tra-biblioteche-del-territorio\/","title":{"rendered":"Comune di Cagliari \u2013 Interazione tra biblioteche del territorio"},"content":{"rendered":"<p>L'Amministrazione Comunale, nell'ambito dell'affidamento della gestione del Sistema Bibliotecario Comunale di cui fanno parte la Mediateca del Mediterraneo, la Biblioteca Comunale di Pirri e le Biblioteche di Quartiere, ha da tempo inserito fra i propri obiettivi direzionali la reciproca interazione tra le diverse sedi.<\/p>\n<p>Sulla base di quest'idea, il raggruppamento temporaneo di imprese che ha in carico i servizi dell'Archivio Storico e del Sistema Bibliotecario comunale (La Memoria Storica soc.coop., Agor\u00e0 Sardegna, Societ\u00e0 Cooperativa Culture, Karalimedia coop. a.r.l.) attuer\u00e0, a partire dal mese di Marzo, un nuovo servizio di prestito interbibliotecario \u201cEcoPrestito. Books love bike. Biblioteche del Circuito Bibliotecario Comunale \u2013 Il tuo libro in bicicletta!\u201d.<\/p>\n<p>Tale attivit\u00e0 sar\u00e0 svolta con una modalit\u00e0 originale: per il trasporto di documenti (libri, film, cd musicali, audiolibri, ecc.) verranno utilizzati dei corrieri in bicicletta della ditta Bicycle Xpress.<\/p>\n<p>Il servizio, totalmente gratuito, avr\u00e0 cadenza settimanale.<\/p>\n<p>L'innovativa proposta associa l'aspetto culturale della vita in citt\u00e0 con una spiccata sensibilit\u00e0 ambientale, mediante l'utilizzo delle piste ciclabili.<br \/>Le biblioteche interessate dal servizio sono:<\/p>\n<p>MEM - Mediateca del Mediterraneo<\/p>\n<p>via Mameli 164, tel. O7O. 6773865, e-mail: <a href=\"mailto:mem@comune.cagliari.it\">mem@comune.cagliari.it<\/a><br \/>Biblioteca Comunale di Pirri<\/p>\n<p>via Santa Maria Goretti, tel. 070. 6773815, e-mail: <a href=\"mailto:bibliotecapirri@comune.cagliari.it\">bibliotecapirri@comune.cagliari.it<\/a><\/p>\n<p>Biblioteca Comunale di quartiere G. B. Tuveri<\/p>\n<p>via Venezia \u2013 c\/o Scuola Secondaria G. B. Tuveri, tel. 070. 4512249, e-mail: <a href=\"mailto:biblioteca.tuveri@comune.cagliari.it\">biblioteca.tuveri@comune.cagliari.it<\/a><br \/>Biblioteca Comunale di quartiere Regina Elena<\/p>\n<p>via Stoccolma \u2013 c\/o Scuola Primaria Via Stoccolma, tel. 070. 4513320, e-mail: <a href=\"mailto:biblioteca.reginaelena@comune.cagliari.it\">biblioteca.reginaelena@comune.cagliari.it<\/a><\/p>\n","protected":false},"excerpt":{"rendered":"<p>L&#8217;Amministrazione Comunale, nell&#8217;ambito dell&#8217;affidamento della gestione del Sistema Bibliotecario Comunale di cui fanno parte la Mediateca del Mediterraneo, la Biblioteca Comunale di Pirri e le&#8230;<\/p>\n","protected":false},"author":2,"featured_media":0,"comment_status":"closed","ping_status":"closed","sticky":false,"template":"","format":"standard","meta":[],"categories":[49],"tags":[],"_links":{"self":[{"href":"https:\/\/www.cronacaonline.it\/index.php\/wp-json\/wp\/v2\/posts\/114346"}],"collection":[{"href":"https:\/\/www.cronacaonline.it\/index.php\/wp-json\/wp\/v2\/posts"}],"about":[{"href":"https:\/\/www.cronacaonline.it\/index.php\/wp-json\/wp\/v2\/types\/post"}],"author":[{"embeddable":true,"href":"https:\/\/www.cronacaonline.it\/index.php\/wp-json\/wp\/v2\/users\/2"}],"replies":[{"embeddable":true,"href":"https:\/\/www.cronacaonline.it\/index.php\/wp-json\/wp\/v2\/comments?post=114346"}],"version-history":[{"count":0,"href":"https:\/\/www.cronacaonline.it\/index.php\/wp-json\/wp\/v2\/posts\/114346\/revisions"}],"wp:attachment":[{"href":"https:\/\/www.cronacaonline.it\/index.php\/wp-json\/wp\/v2\/media?parent=114346"}],"wp:term":[{"taxonomy":"category","embeddable":true,"href":"https:\/\/www.cronacaonline.it\/index.php\/wp-json\/wp\/v2\/categories?post=114346"},{"taxonomy":"post_tag","embeddable":true,"href":"https:\/\/www.cronacaonline.it\/index.php\/wp-json\/wp\/v2\/tags?post=114346"}],"curies":[{"name":"wp","href":"https:\/\/api.w.org\/{rel}","templated":true}]}}