{"id":114345,"date":"2015-02-24T17:20:52","date_gmt":"2015-02-24T16:20:52","guid":{"rendered":"http:\/\/www.cronacaonline.it\/public\/content\/index.php\/24\/02\/2015\/comune-di-cagliari---giovedi-prossimo-e-mercoledi-4-marzo-chiuse-biblioteche-di-cagliari-per-corsi-di-formazione-del-personale"},"modified":"2015-02-24T17:20:52","modified_gmt":"2015-02-24T16:20:52","slug":"comune-di-cagliari-giovedi-prossimo-e-mercoledi-4-marzo-chiuse-biblioteche-di-cagliari-per-corsi-di-formazione-del-personale","status":"publish","type":"post","link":"https:\/\/www.cronacaonline.it\/index.php\/2015\/02\/24\/comune-di-cagliari-giovedi-prossimo-e-mercoledi-4-marzo-chiuse-biblioteche-di-cagliari-per-corsi-di-formazione-del-personale\/","title":{"rendered":"Comune di Cagliari &#8211; Gioved\u00ec prossimo e mercoled\u00ec 4 marzo chiuse biblioteche di Cagliari per corsi di formazione del personale."},"content":{"rendered":"<p>Gioved\u00ec 26 febbraio e mercoled\u00ec 4 marzo 2015 le seguenti strutture del Sistema bibliotecario e l'Archivio Storico del Comune di Cagliari rimarranno chiuse per corsi di formazione del personale: Biblioteca Comunale e Archivio Storico - MEM Mediateca del Mediterraneo;<\/p>\n<p>Biblioteca di quartiere \"G.B. Tuveri\";<\/p>\n<p>Biblioteca di quartiere \"Regina Elena\" e Biblioteca Comunale di Pirri.<\/p>\n<p>Alla Mediateca del Mediterraneo saranno comunque aperti con il consueto orario la sala lettura delle Politiche Giovanili ed il Servizio di Informagiovani. Com<\/p>\n","protected":false},"excerpt":{"rendered":"<p>Gioved\u00ec 26 febbraio e mercoled\u00ec 4 marzo 2015 le seguenti strutture del Sistema bibliotecario e l&#8217;Archivio Storico del Comune di Cagliari rimarranno chiuse per corsi&#8230;<\/p>\n","protected":false},"author":2,"featured_media":0,"comment_status":"closed","ping_status":"closed","sticky":false,"template":"","format":"standard","meta":[],"categories":[49],"tags":[],"_links":{"self":[{"href":"https:\/\/www.cronacaonline.it\/index.php\/wp-json\/wp\/v2\/posts\/114345"}],"collection":[{"href":"https:\/\/www.cronacaonline.it\/index.php\/wp-json\/wp\/v2\/posts"}],"about":[{"href":"https:\/\/www.cronacaonline.it\/index.php\/wp-json\/wp\/v2\/types\/post"}],"author":[{"embeddable":true,"href":"https:\/\/www.cronacaonline.it\/index.php\/wp-json\/wp\/v2\/users\/2"}],"replies":[{"embeddable":true,"href":"https:\/\/www.cronacaonline.it\/index.php\/wp-json\/wp\/v2\/comments?post=114345"}],"version-history":[{"count":0,"href":"https:\/\/www.cronacaonline.it\/index.php\/wp-json\/wp\/v2\/posts\/114345\/revisions"}],"wp:attachment":[{"href":"https:\/\/www.cronacaonline.it\/index.php\/wp-json\/wp\/v2\/media?parent=114345"}],"wp:term":[{"taxonomy":"category","embeddable":true,"href":"https:\/\/www.cronacaonline.it\/index.php\/wp-json\/wp\/v2\/categories?post=114345"},{"taxonomy":"post_tag","embeddable":true,"href":"https:\/\/www.cronacaonline.it\/index.php\/wp-json\/wp\/v2\/tags?post=114345"}],"curies":[{"name":"wp","href":"https:\/\/api.w.org\/{rel}","templated":true}]}}