{"id":114342,"date":"2015-02-24T17:20:52","date_gmt":"2015-02-24T16:20:52","guid":{"rendered":"http:\/\/www.cronacaonline.it\/public\/content\/index.php\/24\/02\/2015\/seconda-commissione-consiglio-sardegna-audizione-dellassessore-claudia-firino-sul-piano-di-dimensionamento-scolastico"},"modified":"2015-02-24T17:20:52","modified_gmt":"2015-02-24T16:20:52","slug":"seconda-commissione-consiglio-sardegna-audizione-dellassessore-claudia-firino-sul-piano-di-dimensionamento-scolastico","status":"publish","type":"post","link":"https:\/\/www.cronacaonline.it\/index.php\/2015\/02\/24\/seconda-commissione-consiglio-sardegna-audizione-dellassessore-claudia-firino-sul-piano-di-dimensionamento-scolastico\/","title":{"rendered":"Seconda commissione Consiglio Sardegna, audizione dell\u2019assessore Claudia Firino sul piano di dimensionamento scolastico"},"content":{"rendered":"<p>\u00c8 proseguito questa mattina, con l\u2019audizione dell\u2019assessore della Pubblica Istruzione, il confronto sul piano di dimensionamento scolastico, in vista del previsto parere della Seconda commissione che sar\u00e0 formulato entro la prossima settimana.<\/p>\n<p>L\u2019assessore Claudia Firino ha ribadito ai consiglieri del parlamentino presieduto da Gavino Manca (Pd) la validit\u00e0 del piano approvato dalla Giunta regionale lo scorso 6 febbraio ed ha rimarcato la scelta della Regione di \u201cinvestire in offerta didattica in ogni angolo dell\u2019Isola\u201d. La delegata all\u2019istruzione dell\u2019esecutivo Pigliaru ha escluso che la delibera 5\/26 nasca come \u201catto di razionalizzazione e come un piano di tagli\u201d ma che, al contrario, vuol rappresentare una \u201cscelta politica strategica che accresce gli impegni dell\u2019amministrazione regionale per la scuola sarda\u201d. <br \/>L\u2019assessore ha inoltre confermato le decisioni che attengono le pluriclassi (\u00abnon sono il modello didattico pi\u00f9 adatto e non rappresentano la nostra scelta formativa\u00bb) e i cosiddetti istituti globali (gli unici previsti nell\u2019Isola sono quelli di Seui e Carloforte).<\/p>\n<p>La Firino pur dichiarando di comprendere \u201cle difficolt\u00e0 che pone il cambiamento\u201d ha quindi sostanzialmente riconfermato le soppressioni e le determinazioni contenute nel piano ma ha anche dichiarato la disponibilit\u00e0 ad approfondire ulteriormente le segnalazioni pervenute alla commissione consiliare, oggetto dell\u2019audizione dei sindaci tenutasi lo scorso 20 febbraio.<\/p>\n<p>I consiglieri del Pd, Piero Comandini, Salvatore Demontis, Gianmario Tendas e Antonio Solinas, nel corso dei rispettivi interventi, hanno ricordato le critiche al piano avanzate dai sindaci e dagli operatori della scuola ed hanno proposto la sospensione di un anno dell\u2019applicazione del piano di dimensionamento (\u00absi potr\u00e0 cos\u00ec utilizzare il tempo per organizzare una proposta formativa partecipata e rispondente alle necessit\u00e0 dei territori\u00bb) e insieme con la collega di gruppo, Rossella Pinna, e col consigliere Piermario Manca (Pds, gruppo Soberania e Indipentzia) hanno invitato l\u2019assessore ad una maggiore propensione al confronto con gli amministratori locali. Nel merito dell\u2019ipotesi della sospensione del piano, Claudia Firino ha replicato sottolineando la situazione di incertezza che si verrebbe a creare nell\u2019Isola, in considerazione del fatto che il termine per le iscrizioni scolastiche \u00e8 gi\u00e0 scaduto lo scorso 15 febbraio.<\/p>\n<p>Il confronto con l\u2019assessore si \u00e8 rivelato particolarmente acceso sulle problematiche attinenti l\u2019Alta Marmilla e gli istituti di Ales e Ghilarza, per i quali i consiglieri dell\u2019oristanese, Antonio Solinas e Gianmario Tendas, unitamente al rappresentante dell\u2019Udc, Gianni Tatti, hanno invocato il mantenimento degli istituti scolastici esistenti in applicazione delle prerogative riconosciute alle aree svantaggiate. Le considerazioni espresse a tal proposito dall\u2019assessore Firino non hanno soddisfatto, in particolare, il presidente della Quarta commissione, Antonio Solinas, che ha invitato l\u2019assessore a tenere nella dovuta considerazione le proteste dei sindaci del territorio ed ha denunciato l\u2019emergere di \u201cun problema di natura politica, tale da rendere necessario un confronto interno alla coalizione che governa la Regione\u201d.<\/p>\n<p>A difesa del piano di dimensionamento scolastico si \u00e8 invece dichiarato il consigliere, Paolo Zedda (Rossomori, gruppo Soberania e Indipendentzia): \u00abSono contrario al rinvio e abbiamo bisogno urgente di un segnale forte di cambiamento\u00bb. A sostegno dell\u2019operato della Firino si \u00e8 registrato anche l\u2019intervento del capogruppo di \u201cSardegna Vera\u201d, Efisio Arbau (La Base), che per\u00f2 ha auspicato la proroga di un anno per l\u2019istituto globale di Fonni.<br \/>Il presidente della commissione, Gavino Manca, ha quindi invitato l\u2019assessore della Pubblica Istruzione ad una specifica valutazione delle problematiche evidenziate nel corso dell\u2019audizione con i sindaci auspicando l\u2019accoglimento delle proposte alternative, eventualmente formulate dagli amministratori e dalla commissione. Gavino Manca ha quindi dato lettura del report delle segnalazioni (accorpamento, soppressione di pluriclassi e chiusura istituti unici) che sono state elencate nel dettaglio all\u2019assessore e che riguardano: Quartu (scuola Lao Silesu); Cagliari (scuole medie Cima-Manno-Conservatorio); Escalaplano; Giba; Masainas; Piscinas; Ales; Ghilarza; Tramatza; Perdasdefogu; Loceri; Osini; Villagrande Strisaili; Belv\u00ec; Nughedu San Nicol\u00f2; Nulvi; Ozieri, Thiesi; Siligo; Codrongianos; Cossoine; Martis; Erula, Santa Maria Coghinas; Florinas; Mara; Padria; Porto Torres; Castelsardo e Santa Teresa di Gallura. Com<\/p>\n","protected":false},"excerpt":{"rendered":"<p>\u00c8 proseguito questa mattina, con l\u2019audizione dell\u2019assessore della Pubblica Istruzione, il confronto sul piano di dimensionamento scolastico, in vista del previsto parere della Seconda commissione&#8230;<\/p>\n","protected":false},"author":2,"featured_media":0,"comment_status":"closed","ping_status":"closed","sticky":false,"template":"","format":"standard","meta":[],"categories":[49],"tags":[],"_links":{"self":[{"href":"https:\/\/www.cronacaonline.it\/index.php\/wp-json\/wp\/v2\/posts\/114342"}],"collection":[{"href":"https:\/\/www.cronacaonline.it\/index.php\/wp-json\/wp\/v2\/posts"}],"about":[{"href":"https:\/\/www.cronacaonline.it\/index.php\/wp-json\/wp\/v2\/types\/post"}],"author":[{"embeddable":true,"href":"https:\/\/www.cronacaonline.it\/index.php\/wp-json\/wp\/v2\/users\/2"}],"replies":[{"embeddable":true,"href":"https:\/\/www.cronacaonline.it\/index.php\/wp-json\/wp\/v2\/comments?post=114342"}],"version-history":[{"count":0,"href":"https:\/\/www.cronacaonline.it\/index.php\/wp-json\/wp\/v2\/posts\/114342\/revisions"}],"wp:attachment":[{"href":"https:\/\/www.cronacaonline.it\/index.php\/wp-json\/wp\/v2\/media?parent=114342"}],"wp:term":[{"taxonomy":"category","embeddable":true,"href":"https:\/\/www.cronacaonline.it\/index.php\/wp-json\/wp\/v2\/categories?post=114342"},{"taxonomy":"post_tag","embeddable":true,"href":"https:\/\/www.cronacaonline.it\/index.php\/wp-json\/wp\/v2\/tags?post=114342"}],"curies":[{"name":"wp","href":"https:\/\/api.w.org\/{rel}","templated":true}]}}