{"id":114333,"date":"2015-02-25T17:20:52","date_gmt":"2015-02-25T16:20:52","guid":{"rendered":"http:\/\/www.cronacaonline.it\/public\/content\/index.php\/25\/02\/2015\/lavori-consiglio-sardegna---finanziaria-2015-approvati-gli-articoli-1-2-e-3-della-legge"},"modified":"2015-02-25T17:20:52","modified_gmt":"2015-02-25T16:20:52","slug":"lavori-consiglio-sardegna-finanziaria-2015-approvati-gli-articoli-1-2-e-3-della-legge","status":"publish","type":"post","link":"https:\/\/www.cronacaonline.it\/index.php\/2015\/02\/25\/lavori-consiglio-sardegna-finanziaria-2015-approvati-gli-articoli-1-2-e-3-della-legge\/","title":{"rendered":"Lavori Consiglio Sardegna &#8211; Finanziaria 2015, approvati gli articoli 1, 2 e 3 della Legge"},"content":{"rendered":"<p>Il Consiglio regionale ha approvato ieri sera una Risoluzione (presenti 56, votanti 55, s\u00ec 33, no 22) che delibera di approvare il Programma regionale di sviluppo 2014 - 2019 cos\u00ec come approvato dalla Commissione e gli articoli 1, 2 e 3 della Legge finanziaria 2015. I lavori proseguiranno domani mattina.<\/p>\n<p>La seduta si \u00e8 aperta sotto la presidenza del presidente Gianfranco Ganau. Dopo le formalit\u00e0 di rito, l\u2019Assemblea ha proseguito l\u2019esame dell\u2019ordine del giorno con il Documento 4, formato dal Disegno di Legge n. 170\/S\/A. Giunta regionale. Disposizioni per la formazione del bilancio annuale e pluriennale della Regione (legge finanziaria 2015) e dal Disegno di Legge n. 171\/A. Giunta regionale. Bilancio di previsione per l\u2019anno 2015 e pluriennale per gli anni 2015-2017. Dopo aver ricordato che nella seduta precedente era stata completata la discussione generale sul Disegno di Legge n. 170 il presidente, constatato che non ci sono iscritti a parlare per dichiarazioni di voto, ha messo in votazione il passaggio agli articoli del provvedimento, che l\u2019Aula ha approvato con 32 voti favorevoli, 19 contrari ed un astenuto. Successivamente, ha disposto una breve sospensione della seduta per poter completare una risoluzione sul Piano regionale di sviluppo.<\/p>\n<p>Alla ripresa il capogruppo di Forza Italia Pietro Pittalis, intervenendo sull\u2019ordine dei lavori, ha formulato due richieste: con la prima ha sollecitato la presenza degli assessori in Aula durante il dibattito. In secondo luogo, nel prendere atto che rispetto alla stesura del Piano operata dalla commissione \u00absono stati apportati significativi cambiamenti\u00bb, ha chiesto una breve sospensione per poterli valutare.<\/p>\n<p>Il capogruppo del Pd Pietro Cocco ha chiarito si \u00e8 trattato dell\u2019integrazione del testo con alcune schede predisposte dalla commissione. Cocco si \u00e8 comunque dichiarato favorevole alla breve sospensione richiesta dal consigliere Pittalis ed il presidente Ganau ha interrotto la seduta.<br \/>Dopo aver riaperto la seduta, il Presidente Ganau ha disposto una ulteriore sospensione, convocando la conferenza dei capigruppo.<\/p>\n<p>Alla ripresa dei lavori dell\u2019Assemblea, il presidente ha comunicato la predisposizione di una risoluzione sul Piano regionale di sviluppo. Il documento prevede, fra l\u2019altro, che \u00abil Programma regionale di sviluppo 2014-2019 cos\u00ec come approvato dalla commissione\u00bb rappresenti \u00ablo strumento principale per la programmazione finanziaria economica regionale, nel periodo dell\u2019intera legislatura\u00bb. Non essendoci iscritti a parlare, la risoluzione \u00e8 stata messa ai voti ed approvata con 33 voti favorevoli e 22 contrari.<\/p>\n<p>Richiamandosi al regolamento, il consigliere Mario Floris ha criticato la sufficienza con cui \u00e8 stata valutata la richiesta di procedere nel dibattito alla presenza dei componenti dell\u2019esecutivo e, citando la previsione del regolamento, ha posto una questione formale \u201cper la prima volta nella storia dell\u2019autonomia regionale\u201d.<\/p>\n<p>Il presidente Ganau, richiamandosi ad alcuni precedenti, ha comunicato che gli assessori assenti forniranno le rispettive giustificazioni.<br \/>Il presidente della Regione Francesco Pigliaru ha tenuto a precisare che gli assessori saranno presenti durante la discussione delle materie di competenza. In questo caso, ha aggiunto, la discussione dei primi articoli potr\u00e0 avvenire alle presenza degli assessori interessati.<\/p>\n<p>Il capogruppo di Sel Daniele Cocco ha rilevato che, secondo una prassi costante, gli assessori hanno sempre assicurato la loro presenza durante il dibattito quando questo ha riguardato materie di loro competenza.<br \/>Aprendo la discussione sull\u2019art. 1 il presidente Ganau ha dato lettura degli emendamenti presentati chiedendo, sugli stessi, il parere della commissione che, attraverso il presidente Franco Sabatini (Pd), ha espresso su tutti un parere negativo fatta eccezione per il n\u00b0106, per cui \u00e8 stato formulato l\u2019invito al ritiro.<\/p>\n<p>Il vice-capogruppo di Forza Italia Alessandra Zedda ha osservato che \u00abla spesa incrociata fra fondi comunitari e regionali non \u00e8 certo una novit\u00e0; il problema \u00e8 che i meccanismi di spesa sono lunghi e farraginosi e non vorrei che la finanziaria, sotto questo profilo, partisse male\u00bb. Con l\u2019accordo stipulato a luglio con il Governo, ha poi sottolineato Zedda, \u00absi \u00e8 stabilito l\u2019obbligo della certificazione dello Stato per poter spendere le risorse, a questo punto \u00e8 lecito chiedersi se esistono certezze sulla reali procedure di spesa e se non ci siamo, invece, rischi di un ulteriore slittamento dei tempi indipendente dalla volont\u00e0 del Consiglio\u00bb.<\/p>\n<p>Sui nuovi oneri legislativi, ha osservato ancora il consigliere di Forza Italia, \u00abnon c\u2019\u00e8 nemmeno un euro, come c\u2019\u00e8 scritto chiaramente al comma 7 dell\u2019art. 1; \u00e8 possibile invece utilizzare l\u2019avanzo di amministrazione del 2014, pari ad oltre 50 milioni, che saranno estremamente utili\u00bb. Per quanto riguarda infine gli interessi moratori, ha concluso Zedda, \u00abappare opportuno lavorare con maggiore decisione sulle azioni destinate al recupero delle risorse che spettano alla Regione, per evitare di sostenere la spesa di maggiori interessi: questo \u00e8 uno dei punti centrali di quella lotta alla burocrazia cui tutti siamo chiamati\u00bb.<\/p>\n<p>L\u2019altro vice capogruppo di Forza Italia Marco Tedde ha espresso un giudizio di assoluta perplessit\u00e0 sull\u2019articolo che, a suo avviso, \u00ab\u00e8 una fiera dell\u2019ovvio con una impostazione non keynesiana ma lapalissiana, nel quadro complessivo di una manovra che appare inficiata da una evidente incoerenza fra il suo contenuto ed il programma di governo del presidente Pigliaru\u00bb. Segue<\/p>\n","protected":false},"excerpt":{"rendered":"<p>Il Consiglio regionale ha approvato ieri sera una Risoluzione (presenti 56, votanti 55, s\u00ec 33, no 22) che delibera di approvare il Programma regionale di&#8230;<\/p>\n","protected":false},"author":2,"featured_media":0,"comment_status":"closed","ping_status":"closed","sticky":false,"template":"","format":"standard","meta":[],"categories":[49],"tags":[],"_links":{"self":[{"href":"https:\/\/www.cronacaonline.it\/index.php\/wp-json\/wp\/v2\/posts\/114333"}],"collection":[{"href":"https:\/\/www.cronacaonline.it\/index.php\/wp-json\/wp\/v2\/posts"}],"about":[{"href":"https:\/\/www.cronacaonline.it\/index.php\/wp-json\/wp\/v2\/types\/post"}],"author":[{"embeddable":true,"href":"https:\/\/www.cronacaonline.it\/index.php\/wp-json\/wp\/v2\/users\/2"}],"replies":[{"embeddable":true,"href":"https:\/\/www.cronacaonline.it\/index.php\/wp-json\/wp\/v2\/comments?post=114333"}],"version-history":[{"count":0,"href":"https:\/\/www.cronacaonline.it\/index.php\/wp-json\/wp\/v2\/posts\/114333\/revisions"}],"wp:attachment":[{"href":"https:\/\/www.cronacaonline.it\/index.php\/wp-json\/wp\/v2\/media?parent=114333"}],"wp:term":[{"taxonomy":"category","embeddable":true,"href":"https:\/\/www.cronacaonline.it\/index.php\/wp-json\/wp\/v2\/categories?post=114333"},{"taxonomy":"post_tag","embeddable":true,"href":"https:\/\/www.cronacaonline.it\/index.php\/wp-json\/wp\/v2\/tags?post=114333"}],"curies":[{"name":"wp","href":"https:\/\/api.w.org\/{rel}","templated":true}]}}