{"id":114329,"date":"2015-02-25T17:20:52","date_gmt":"2015-02-25T16:20:52","guid":{"rendered":"http:\/\/www.cronacaonline.it\/public\/content\/index.php\/25\/02\/2015\/la-camera-ha-detto-si-la-responsabilita-civile-dei-giudici-e-legge"},"modified":"2015-02-25T17:20:52","modified_gmt":"2015-02-25T16:20:52","slug":"la-camera-ha-detto-si-la-responsabilita-civile-dei-giudici-e-legge","status":"publish","type":"post","link":"https:\/\/www.cronacaonline.it\/index.php\/2015\/02\/25\/la-camera-ha-detto-si-la-responsabilita-civile-dei-giudici-e-legge\/","title":{"rendered":"La Camera ha detto s\u00ec: la responsabilit\u00e0 civile dei giudici \u00e8 legge"},"content":{"rendered":"<p>La Camera ha approvato il disegno di legge sulla responsabilit\u00e0 civile dei magistrati, un testo che investe una materia su cui pende una procedura d'infrazione in sede Europea per mancata applicazione del diritto comunitario e per la quale l'Italia rischiava di pagare una multa stimata in 37 milioni. Il testo \u00e8 stato approvato con 265 s\u00ec, 51 no (del Movimento 5 Stelle) e 63 astenuti (Lega, Fi, Sel, Fdi e Alternativa Libera). Il premier Matteo Renzi, il ministro dell'Interno Angelino Alfano e il ministro della Giustizia Andrea Orlando hanno espresso su Twitter la loro soddisfazione per l'approvazione definitiva del ddl. <\/p>\n<p>Il governo ha dato parere negativo a tutti gli emendamenti. Ma l'applicazione della nuova norma - e lo ammette lo stesso ministro della Giustizia Andrea Orlando - andr\u00e0 monitorata nel concreto. \"Valuteremo laicamente gli effetti - assicura il guardasigilli - e siamo pronti a correggere alcuni punti\".<\/p>\n<p>La nuova legge riforma la Vassalli del 1988, ma mantiene l'impostazione di responsabilit\u00e0 indiretta: il cittadino cita lo Stato che pu\u00f2 rivalersi nei confronti del giudice. Ma rispetto alla Vassalli, \u00e8 ampliata la possibilit\u00e0 per il cittadino di fare ricorso; si innalza la soglia economica di rivalsa del danno (che pu\u00f2 arrivare fino alla met\u00e0 stipendio del magistrato); viene eliminato il filtro di ammissibilit\u00e0 dei ricorsi; la responsabilit\u00e0 scatta anche in caso di negligenza grave e travisamento del fatto e delle prove.<\/p>\n<p>Quest'ultimo punto ha fatto discutere, soprattutto i Cinque Stelle, che al Senato avevano votato a favore del ddl e che hanno invece deciso di dire di no alla Camera. Per il deputato M5S Alfonso Bonafede la legge \u00e8 \"una intimidazione ai magistrati\". Altro punto discusso, il filtro che era stato definito nel pomeriggio dal viceministro alla Giustizia Enrico Costa, come \"Il fiore all'occhiello del ddl\". I Cinque Stelle paventano ora una pioggia di ricorsi contro le sentenze dei giudici, un effetto boomerang con i tribunali intasati.<\/p>\n<p>Il ministro della Giustizia Andrea Orlando ha risposto in Aula: \"Rifiuto l'argomento dell'intimidazione. A chi parla del travisamento dei fatti e delle prove come di un'estensione impropria, dico che questa \u00e8 un'indicazione europea, e non produce un automatismo sul magistrato, che pu\u00f2 essere chiamato in causa solo in caso di negligenza inescusabile\".<\/p>\n<p>Di fatto nella relazione che accompagna il testo sono stati inseriti \"dei correttivi, degli elementi di chiarificazione - ha spiegato la presidente della Commissione Giustizia della Camera Donatella Ferranti - che sulla base di un'interpretazione costituzionalmente orientata, esplicitano che il danno c'\u00e8 solo nel caso in cui il travisamento sia 'macroscopico e evidente'\".<\/p>\n","protected":false},"excerpt":{"rendered":"<p>La Camera ha approvato il disegno di legge sulla responsabilit\u00e0 civile dei magistrati, un testo che investe una materia su cui pende una procedura d&#8217;infrazione&#8230;<\/p>\n","protected":false},"author":2,"featured_media":0,"comment_status":"closed","ping_status":"closed","sticky":false,"template":"","format":"standard","meta":[],"categories":[49],"tags":[],"_links":{"self":[{"href":"https:\/\/www.cronacaonline.it\/index.php\/wp-json\/wp\/v2\/posts\/114329"}],"collection":[{"href":"https:\/\/www.cronacaonline.it\/index.php\/wp-json\/wp\/v2\/posts"}],"about":[{"href":"https:\/\/www.cronacaonline.it\/index.php\/wp-json\/wp\/v2\/types\/post"}],"author":[{"embeddable":true,"href":"https:\/\/www.cronacaonline.it\/index.php\/wp-json\/wp\/v2\/users\/2"}],"replies":[{"embeddable":true,"href":"https:\/\/www.cronacaonline.it\/index.php\/wp-json\/wp\/v2\/comments?post=114329"}],"version-history":[{"count":0,"href":"https:\/\/www.cronacaonline.it\/index.php\/wp-json\/wp\/v2\/posts\/114329\/revisions"}],"wp:attachment":[{"href":"https:\/\/www.cronacaonline.it\/index.php\/wp-json\/wp\/v2\/media?parent=114329"}],"wp:term":[{"taxonomy":"category","embeddable":true,"href":"https:\/\/www.cronacaonline.it\/index.php\/wp-json\/wp\/v2\/categories?post=114329"},{"taxonomy":"post_tag","embeddable":true,"href":"https:\/\/www.cronacaonline.it\/index.php\/wp-json\/wp\/v2\/tags?post=114329"}],"curies":[{"name":"wp","href":"https:\/\/api.w.org\/{rel}","templated":true}]}}