{"id":114320,"date":"2015-02-25T17:20:52","date_gmt":"2015-02-25T16:20:52","guid":{"rendered":"http:\/\/www.cronacaonline.it\/public\/content\/index.php\/25\/02\/2015\/attilio-dedoni-riformati-sardi---piano-di-dimensionamento-scolastico-se-ne-discuta-in-consiglio-regionale"},"modified":"2015-02-25T17:20:52","modified_gmt":"2015-02-25T16:20:52","slug":"attilio-dedoni-riformati-sardi-piano-di-dimensionamento-scolastico-se-ne-discuta-in-consiglio-regionale","status":"publish","type":"post","link":"https:\/\/www.cronacaonline.it\/index.php\/2015\/02\/25\/attilio-dedoni-riformati-sardi-piano-di-dimensionamento-scolastico-se-ne-discuta-in-consiglio-regionale\/","title":{"rendered":"Attilio Dedoni (Riformati Sardi) &#8211; Piano di dimensionamento scolastico, se ne discuta in Consiglio regionale"},"content":{"rendered":"<p>\u201cI Riformatori Sardi sono contrari alla prosecuzione dell\u2019esperienza delle pluriclassi, che non sono uno strumento didattico adatto a garantire un livello di istruzione adeguato alle esigenze di una societ\u00e0 in costante evoluzione, ma ribadiscono la loro contrariet\u00e0 a un Piano di dimensionamento scolastico regionale elaborato senza alcuna attenzione alle esigenze espresse dai territori, che non contempla investimenti ma soltanto tagli, secondo una logica ragionieristica improntata al risparmio di risorse, che mette all\u2019ultimo posto la qualit\u00e0 dell\u2019istruzione\u201d, dichiara il capogruppo dei Riformatori Sardi \u2013 Liberaldemocratici in Consiglio regionale, Attilio Dedoni.<\/p>\n<p>\u201cLe proteste che non accennano a placarsi e che sono arrivate fino a investire la stessa maggioranza sono il frutto di scelte illogiche e incomprensibili, di chiusure e accorpamenti di istituti decisi senza alcun criterio, senza tenere conto dei trasporti, della viabilit\u00e0, delle distanze\u201d, prosegue Dedoni. \u201cIl caso degli istituti superiori di Ales e Ghilarza, che torneranno ad essere sezioni distaccate di scuole di Oristano, \u00e8 emblematico, ma non \u00e8 certo l\u2019unico. Il Piano di dimensionamento non migliora di una virgola l\u2019offerta formativa, anzi la peggiora, e non prevede gli investimenti necessari per rendere fattibili gli accorpamenti previsti, che dovrebbero riguardare i mezzi di trasporto, la viabilit\u00e0, le infrastrutture, gli stessi edifici scolastici: prima di poter pensare di attuare il Piano elaborato dalla Giunta, sono necessari interventi lunghi e costosi, dei quali al momento non si vede traccia. Di certo non si pu\u00f2 pensare di approvare il Piano a febbraio e di vederlo operativo gi\u00e0 dal prossimo settembre. Di ancora pi\u00f9 certo c\u2019\u00e8 l\u2019effetto negativo che il Piano avr\u00e0 sull\u2019occupazione, perch\u00e9 si perderanno posti di lavoro senza peraltro alcun risparmio per le casse della Regione, dal momento che si tratta di personale pagato dallo Stato\u201d.<\/p>\n<p>\u201cAuspichiamo che ci sia un ripensamento sul Piano di dimensionamento, che l\u2019esecutivo lo ritiri o sospenda la sua validit\u00e0 e intanto dia vita a un serio confronto nel quale si tenga conto delle proposte degli enti locali e delle aspirazioni degli studenti, ai quali deve essere garantito lo stesso diritto allo studio, che vivano in un piccolo paese dell\u2019interno o in un capoluogo\u201d, conclude il capogruppo.<\/p>\n<p>\u201cIl modello della donna sola al comando incarnato dall\u2019assessore Firino ha dimostrato di non funzionare. Il Piano deve essere discusso in Consiglio regionale, perch\u00e9 un atto di una tale importanza strategica per lo sviluppo della Sardegna non pu\u00f2 essere imposto dall\u2019alto senza alcun confronto. Dopo una seria e approfondita discussione con tutti i soggetti interessati, la Giunta potr\u00e0 elaborare un nuovo Piano, pensato non sull\u2019immediato ma guardando al futuro, trovando quelle risposte alle esigenze di sviluppo dei diversi territori che devono necessariamente passare attraverso l\u2019incremento e il miglioramento dell\u2019offerta formativa\u201d. Com<\/p>\n","protected":false},"excerpt":{"rendered":"<p>\u201cI Riformatori Sardi sono contrari alla prosecuzione dell\u2019esperienza delle pluriclassi, che non sono uno strumento didattico adatto a garantire un livello di istruzione adeguato alle&#8230;<\/p>\n","protected":false},"author":2,"featured_media":0,"comment_status":"closed","ping_status":"closed","sticky":false,"template":"","format":"standard","meta":[],"categories":[49],"tags":[],"_links":{"self":[{"href":"https:\/\/www.cronacaonline.it\/index.php\/wp-json\/wp\/v2\/posts\/114320"}],"collection":[{"href":"https:\/\/www.cronacaonline.it\/index.php\/wp-json\/wp\/v2\/posts"}],"about":[{"href":"https:\/\/www.cronacaonline.it\/index.php\/wp-json\/wp\/v2\/types\/post"}],"author":[{"embeddable":true,"href":"https:\/\/www.cronacaonline.it\/index.php\/wp-json\/wp\/v2\/users\/2"}],"replies":[{"embeddable":true,"href":"https:\/\/www.cronacaonline.it\/index.php\/wp-json\/wp\/v2\/comments?post=114320"}],"version-history":[{"count":0,"href":"https:\/\/www.cronacaonline.it\/index.php\/wp-json\/wp\/v2\/posts\/114320\/revisions"}],"wp:attachment":[{"href":"https:\/\/www.cronacaonline.it\/index.php\/wp-json\/wp\/v2\/media?parent=114320"}],"wp:term":[{"taxonomy":"category","embeddable":true,"href":"https:\/\/www.cronacaonline.it\/index.php\/wp-json\/wp\/v2\/categories?post=114320"},{"taxonomy":"post_tag","embeddable":true,"href":"https:\/\/www.cronacaonline.it\/index.php\/wp-json\/wp\/v2\/tags?post=114320"}],"curies":[{"name":"wp","href":"https:\/\/api.w.org\/{rel}","templated":true}]}}