{"id":114312,"date":"2015-02-25T17:20:52","date_gmt":"2015-02-25T16:20:52","guid":{"rendered":"http:\/\/www.cronacaonline.it\/public\/content\/index.php\/25\/02\/2015\/lingua-sarda---firino-grande-soddisfazione-per-lapprovazione-della-nostra-proposta"},"modified":"2015-02-25T17:20:52","modified_gmt":"2015-02-25T16:20:52","slug":"lingua-sarda-firino-grande-soddisfazione-per-lapprovazione-della-nostra-proposta","status":"publish","type":"post","link":"https:\/\/www.cronacaonline.it\/index.php\/2015\/02\/25\/lingua-sarda-firino-grande-soddisfazione-per-lapprovazione-della-nostra-proposta\/","title":{"rendered":"Lingua sarda &#8211; Firino: &#8220;grande soddisfazione per l&#8217;approvazione della nostra proposta&#8221;"},"content":{"rendered":"<p>L\u2019approvazione della Commissione Paritetica della proposta inoltrata dall\u2019Assessorato della Pubblica Istruzione attraverso delibera di Giunta, che amplia le competenze della Regione sulla lingua sarda, \u00e8 un importante passo in avanti nella politica di valorizzazione e tutela del sardo e del catalano.<\/p>\n<p>\u201cApprendiamo con grande soddisfazione del via libera della Commissione Permanente. Riteniamo fondamentale, attraverso le modifiche delle norme di attuazione dello Statuto, poter legare i finanziamenti nazionali a obiettivi, indirizzi e priorit\u00e0 stabiliti a livello regionale\" afferma l\u2019assessore Claudia Firino.<\/p>\n<p>\"La gestione autonoma delle risorse e delle relative funzioni amministrative, ci permetter\u00e0 anche di incrementare l\u2019uso della lingua sarda con le sue varianti nelle scuole, a partire dalle scuole per l\u2019infanzia. Come dichiarato fin dall\u2019inizio, la politica linguistica di questo assessorato intende trovare infatti nella scuola e nelle generazioni pi\u00f9 giovani i suoi naturali alleati ed esercitare fino in fondo l'autonomia che ci \u00e8 data e quella che \u00e8 possibile rivendicare.\u201d<\/p>\n","protected":false},"excerpt":{"rendered":"<p>L\u2019approvazione della Commissione Paritetica della proposta inoltrata dall\u2019Assessorato della Pubblica Istruzione attraverso delibera di Giunta, che amplia le competenze della Regione sulla lingua sarda, \u00e8&#8230;<\/p>\n","protected":false},"author":2,"featured_media":0,"comment_status":"closed","ping_status":"closed","sticky":false,"template":"","format":"standard","meta":[],"categories":[49],"tags":[],"_links":{"self":[{"href":"https:\/\/www.cronacaonline.it\/index.php\/wp-json\/wp\/v2\/posts\/114312"}],"collection":[{"href":"https:\/\/www.cronacaonline.it\/index.php\/wp-json\/wp\/v2\/posts"}],"about":[{"href":"https:\/\/www.cronacaonline.it\/index.php\/wp-json\/wp\/v2\/types\/post"}],"author":[{"embeddable":true,"href":"https:\/\/www.cronacaonline.it\/index.php\/wp-json\/wp\/v2\/users\/2"}],"replies":[{"embeddable":true,"href":"https:\/\/www.cronacaonline.it\/index.php\/wp-json\/wp\/v2\/comments?post=114312"}],"version-history":[{"count":0,"href":"https:\/\/www.cronacaonline.it\/index.php\/wp-json\/wp\/v2\/posts\/114312\/revisions"}],"wp:attachment":[{"href":"https:\/\/www.cronacaonline.it\/index.php\/wp-json\/wp\/v2\/media?parent=114312"}],"wp:term":[{"taxonomy":"category","embeddable":true,"href":"https:\/\/www.cronacaonline.it\/index.php\/wp-json\/wp\/v2\/categories?post=114312"},{"taxonomy":"post_tag","embeddable":true,"href":"https:\/\/www.cronacaonline.it\/index.php\/wp-json\/wp\/v2\/tags?post=114312"}],"curies":[{"name":"wp","href":"https:\/\/api.w.org\/{rel}","templated":true}]}}