{"id":114307,"date":"2015-02-25T17:20:52","date_gmt":"2015-02-25T16:20:52","guid":{"rendered":"http:\/\/www.cronacaonline.it\/public\/content\/index.php\/25\/02\/2015\/dimensionamento-scolastico-piena-condivisione-tra-giunta-e-maggioranza"},"modified":"2015-02-25T17:20:52","modified_gmt":"2015-02-25T16:20:52","slug":"dimensionamento-scolastico-piena-condivisione-tra-giunta-e-maggioranza","status":"publish","type":"post","link":"https:\/\/www.cronacaonline.it\/index.php\/2015\/02\/25\/dimensionamento-scolastico-piena-condivisione-tra-giunta-e-maggioranza\/","title":{"rendered":"Dimensionamento scolastico: piena condivisione tra giunta e maggioranza"},"content":{"rendered":"<p>Il Piano di Dimensionamento scolastico ricalca un impianto largamente condiviso, che attua le linee guida approvate all\u2019unanimit\u00e0 e tiene conto sia delle specificit\u00e0 territoriali sia del diritto allo studio di qualit\u00e0 per tutti. Dialogo proficuo tra la maggioranza e gli esponenti della Giunta, dopo la riunione della Commissione e gli utili approfondimenti, che cercher\u00e0 di dare soluzione ad alcune delle criticit\u00e0 emerse negli ultimi giorni e segnalate durante le audizioni.<\/p>\n<p>Il presidente della Regione Francesco Pigliaru sottolinea la soddisfazione per l\u2019ampia condivisione del Piano.&nbsp; \u201cQuesto \u00e8 il primo passo per permettere ai nostri ragazzi di mettersi al livello dei migliori. \u00c8 dovere di tutti noi dar loro questa opportunit\u00e0. Chi pensa che ci\u00f2 sia incoerente con quanto abbiamo sostenuto in campagna elettorale sul cambiamento della nostra scuola pensa molto male e avr\u00e0 modo di ricredersi. Di scuola parleremo molto e molto presto. Parleremo delle molte risorse e delle molte idee innovative che proporremo al mondo della scuola per colmare rapidamente le inaccettabili carenze che abbiamo ereditato\u201d.<\/p>\n<p>L\u2019assessore Claudia Firino sottolinea l\u2019importanza della \u201ccoerenza mantenuta finora, in un clima di dialogo aperto e di collaborazione tra Giunta e Commissione consiliare. Sono soddisfatta per la comunione di intenti che si \u00e8 creata attorno a un atto complesso e importante come il dimensionamento, che \u00e8 stato approvato dalla Giunta e condiviso dalla Commissione. Ai Consiglieri presenteremo presto anche la bozza di progetto sulla programmazione e gli investimenti sulla scuola per un primo confronto che inizieranno gi\u00e0 a partire nei prossimi giorni, rendendo cos\u00ec evidente l\u2019entit\u00e0 dell\u2019impegno che abbiamo su questo settore cos\u00ec strategico e prioritario sul quale andremo avanti perch\u00e9 la riteniamo una battaglia di civilt\u00e0\u201d.<\/p>\n<p>&nbsp;\u201cSiamo consapevoli di quanto sia necessario ridurre le pluriclassi e combattere con determinazione per creare in tempi rapidi una scuola migliore\u201d dichiara il presidente della Commissione Gavino Manca, a nome di tutti i componenti di maggioranza della Commissione, che aggiunge: \u201cSappiamo bene che questo \u00e8 il primo tassello per costruire una scuola pi\u00f9 moderna, che garantisca a tutti i nostri ragazzi un\u2019istruzione di qualit\u00e0, una migliore didattica e un approccio moderno alle nuove tecnologie. Da parte della Maggioranza e della Commissione c\u2019\u00e8 piena condivisione. La discussione \u00e8 ancora aperta sia con la Giunta che con i territori, in un\u2019ottica di confronto costruttivo che, partendo da una visione complessiva comune, tenga conto di esigenze e casi specifici segnalati dai singoli territori. Chi, dai banchi dell\u2019opposizione, muove critiche, non sa di cosa parla e menziona tagli eludendo che chi ha tagliato alla scuola \u00e8 stata la maggioranza da lui sostenuta.\u201d<\/p>\n","protected":false},"excerpt":{"rendered":"<p>Il Piano di Dimensionamento scolastico ricalca un impianto largamente condiviso, che attua le linee guida approvate all\u2019unanimit\u00e0 e tiene conto sia delle specificit\u00e0 territoriali sia&#8230;<\/p>\n","protected":false},"author":2,"featured_media":0,"comment_status":"closed","ping_status":"closed","sticky":false,"template":"","format":"standard","meta":[],"categories":[49],"tags":[],"_links":{"self":[{"href":"https:\/\/www.cronacaonline.it\/index.php\/wp-json\/wp\/v2\/posts\/114307"}],"collection":[{"href":"https:\/\/www.cronacaonline.it\/index.php\/wp-json\/wp\/v2\/posts"}],"about":[{"href":"https:\/\/www.cronacaonline.it\/index.php\/wp-json\/wp\/v2\/types\/post"}],"author":[{"embeddable":true,"href":"https:\/\/www.cronacaonline.it\/index.php\/wp-json\/wp\/v2\/users\/2"}],"replies":[{"embeddable":true,"href":"https:\/\/www.cronacaonline.it\/index.php\/wp-json\/wp\/v2\/comments?post=114307"}],"version-history":[{"count":0,"href":"https:\/\/www.cronacaonline.it\/index.php\/wp-json\/wp\/v2\/posts\/114307\/revisions"}],"wp:attachment":[{"href":"https:\/\/www.cronacaonline.it\/index.php\/wp-json\/wp\/v2\/media?parent=114307"}],"wp:term":[{"taxonomy":"category","embeddable":true,"href":"https:\/\/www.cronacaonline.it\/index.php\/wp-json\/wp\/v2\/categories?post=114307"},{"taxonomy":"post_tag","embeddable":true,"href":"https:\/\/www.cronacaonline.it\/index.php\/wp-json\/wp\/v2\/tags?post=114307"}],"curies":[{"name":"wp","href":"https:\/\/api.w.org\/{rel}","templated":true}]}}