{"id":114302,"date":"2015-02-26T17:20:52","date_gmt":"2015-02-26T16:20:52","guid":{"rendered":"http:\/\/www.cronacaonline.it\/public\/content\/index.php\/26\/02\/2015\/calamita-naturali-istituito-il-fondo-per-i-danni-subiti-dai-privati-spano-mantenuto-impegno-post-alluvione-2013"},"modified":"2015-02-26T17:20:52","modified_gmt":"2015-02-26T16:20:52","slug":"calamita-naturali-istituito-il-fondo-per-i-danni-subiti-dai-privati-spano-mantenuto-impegno-post-alluvione-2013","status":"publish","type":"post","link":"https:\/\/www.cronacaonline.it\/index.php\/2015\/02\/26\/calamita-naturali-istituito-il-fondo-per-i-danni-subiti-dai-privati-spano-mantenuto-impegno-post-alluvione-2013\/","title":{"rendered":"Calamit\u00e0 naturali: istituito il fondo per i danni subiti dai privati. Spano: mantenuto impegno post alluvione 2013"},"content":{"rendered":"<p>Il Fondo per gli aiuti ai soggetti privati colpiti da calamit\u00e0 \u00e8 una realt\u00e0. Con l'approvazione dell'articolo 17 della legge finanziaria, collegato a un disegno di legge ad hoc, la Sardegna si dota di uno strumento normativo di carattere generale, destinato a funzionare in maniera sistematica ogniqualvolta si verifichi un evento calamitoso che causi danni a beni mobili e immobili dei privati cittadini e delle attivit\u00e0 produttive. La Regione potr\u00e0 cos\u00ec intervenire in maniera diretta, in caso di calamit\u00e0, e risarcire i danneggiati.<\/p>\n<p>\"Uno strumento del genere finora mancava alla nostra Regione\" ha commentato l'Assessore della difesa dell'Ambiente Spano. \u201cL'erogazione di contributi per aiutare i privati che subiscono danni anche molto ingenti a causa di eventi calamitosi costituisce un elemento di forte criticit\u00e0 nel sistema nazionale di gestione dei danni. Avevo assunto un preciso impegno nei confronti delle popolazioni colpite dall'alluvione 2013 non appena iniziato il mio mandato. Oggi abbiamo posto le basi per consentire a tutti i soggetti privati che subiscano danni ai beni di ottenere un contributo finanziario\" ha commentato l'Assessore Spano.<\/p>\n<p>\"Tutto questo \u00e8 da coordinarsi con le strategie di integrazione delle fonti finanziarie statali e regionali attivate con il mutuo per le infrastrutture votato ieri dal Consiglio - dice l'assessore dei Lavori Pubblici Paolo Maninchedda - Per la prima volta, risorse pubbliche e private sono programmabili e integrabili per l'obiettivo strategico della messa in sicurezza della Sardegna\". <\/p>\n","protected":false},"excerpt":{"rendered":"<p>Il Fondo per gli aiuti ai soggetti privati colpiti da calamit\u00e0 \u00e8 una realt\u00e0. Con l&#8217;approvazione dell&#8217;articolo 17 della legge finanziaria, collegato a un disegno&#8230;<\/p>\n","protected":false},"author":2,"featured_media":0,"comment_status":"closed","ping_status":"closed","sticky":false,"template":"","format":"standard","meta":[],"categories":[49],"tags":[],"_links":{"self":[{"href":"https:\/\/www.cronacaonline.it\/index.php\/wp-json\/wp\/v2\/posts\/114302"}],"collection":[{"href":"https:\/\/www.cronacaonline.it\/index.php\/wp-json\/wp\/v2\/posts"}],"about":[{"href":"https:\/\/www.cronacaonline.it\/index.php\/wp-json\/wp\/v2\/types\/post"}],"author":[{"embeddable":true,"href":"https:\/\/www.cronacaonline.it\/index.php\/wp-json\/wp\/v2\/users\/2"}],"replies":[{"embeddable":true,"href":"https:\/\/www.cronacaonline.it\/index.php\/wp-json\/wp\/v2\/comments?post=114302"}],"version-history":[{"count":0,"href":"https:\/\/www.cronacaonline.it\/index.php\/wp-json\/wp\/v2\/posts\/114302\/revisions"}],"wp:attachment":[{"href":"https:\/\/www.cronacaonline.it\/index.php\/wp-json\/wp\/v2\/media?parent=114302"}],"wp:term":[{"taxonomy":"category","embeddable":true,"href":"https:\/\/www.cronacaonline.it\/index.php\/wp-json\/wp\/v2\/categories?post=114302"},{"taxonomy":"post_tag","embeddable":true,"href":"https:\/\/www.cronacaonline.it\/index.php\/wp-json\/wp\/v2\/tags?post=114302"}],"curies":[{"name":"wp","href":"https:\/\/api.w.org\/{rel}","templated":true}]}}