{"id":114283,"date":"2015-02-27T17:20:52","date_gmt":"2015-02-27T16:20:52","guid":{"rendered":"http:\/\/www.cronacaonline.it\/public\/content\/index.php\/27\/02\/2015\/il-consiglio-regionale-ha-concluso-la-discussione-generale-sullarticolo-28-i-lavori-riprenderanno-domani-mattina-alle-1030"},"modified":"2015-02-27T17:20:52","modified_gmt":"2015-02-27T16:20:52","slug":"il-consiglio-regionale-ha-concluso-la-discussione-generale-sullarticolo-28-i-lavori-riprenderanno-domani-mattina-alle-1030","status":"publish","type":"post","link":"https:\/\/www.cronacaonline.it\/index.php\/2015\/02\/27\/il-consiglio-regionale-ha-concluso-la-discussione-generale-sullarticolo-28-i-lavori-riprenderanno-domani-mattina-alle-1030\/","title":{"rendered":"Il Consiglio regionale ha concluso la discussione generale sull\u2019articolo 28. I lavori riprenderanno domani mattina alle 10,30."},"content":{"rendered":"<p>Alla ripresa dei lavori, il presidente ha aperto la discussione sull\u2019articolo 28 (Autorizzazioni di spesa) e sugli emendamenti. Il testo, composto da 27 commi, autorizzata la spesa per una pluralit\u00e0 di interventi.<\/p>\n<p>Il presidente del Consiglio ha dato la parola a Oscar Cherchi (Fi): \u00abChiedo ai questori di riunirsi per mandare a casa il personale che non \u00e8 necessario, visto che sono le 23,15\u00bb.&nbsp; Per Cherchi \u201cl\u2019articolo 28 \u00e8 la perla di questa Finanziaria che accontenta un po\u2019 tutti. \u00c8 un insieme di attivit\u00e0 e di risposte da alcuni consiglieri regionale ai loro territori\u201d. Cherchi ha aggiunto: \u00abLo abbiamo gi\u00e0 detto che questa Finanziaria \u00e8 il fallimento della Giunta regionale e della maggioranza. Da questo momento in poi non c\u2019\u00e8 pi\u00f9 possibilit\u00e0 di dialogo e di ricevere il consenso che vi aspettavate\u00bb, e ha aggiunto \u00abse l\u2019economia della Sardegna riparte dal portale di Sardegna turismo lo dovrete spiegare ai sardi\u00bb.<\/p>\n<p>Per Alessandra Zedda, vice capogruppo di Forza Italia, \u00abera da un po\u2019 che non si vedevano delle Finanziarie cos\u00ec generose, questo articolo 28 interviene su tutto e su tutti\u00bb. Zedda ha evidenziato alcuni interventi positivi come quello sugli scavi archeologico e la possibilit\u00e0 di sanare l\u2019Universit\u00e0 diffusa, ma ce ne sono molti di basso contenuto. \u00abSicuramente \u00e8 stato importante il lavoro fatto in commissione \u2013 ha affermato - dispiace per\u00f2 il metodo con cui si \u00e8 arrivati alla formulazione dell\u2019articolo ignorando alcune proposte importanti\u00bb. Per Zedda saranno i sardi a giudicare questa Finanziaria.<\/p>\n<p>Per il consigliere di Forza Italia, Ignazio Locci sono stati \u00abdue giorni di buon dibattito in aula. Forse ci abbiamo messo troppo poco tempo perch\u00e9 siamo a ridosso della fine del secondo mese di esercizio provvisorio\u00bb. E ha aggiunto: \u00abNon vorremo essere nei panni del governatore Pigliaru che si porter\u00e0 dietro tutte le critiche legate a questa Finanziaria\u00bb.<\/p>\n<p>\u00abIn questi due giorni il dibattito credo che opposizione e maggioranza \u2013 ha affermato il consigliere di Fdi, Paolo Truzzu -&nbsp; abbiano fatto il loro onesto lavoro\u00bb. Per l\u2019esponente della minoranza l\u2019opposizione ha tenuto un atteggiamento equilibrato e propositivo e \u00abconcludiamo il dibattito con l\u2019articolo 28 questa sera nel peggiore\u00bb. Rivolgendosi all\u2019assessore Paci, Truzzu ha poi affermato: \u00abNon so quanto rigore e sviluppo ci sia in questo articolo. Alcuni commi sono molti importanti, ma molti altri fanno perdere il significato vero della Finanziaria\u00bb.<\/p>\n<p>Per il consigliere di Forza Italia, Marco Tedde: \u00abIn questo articolo c\u2019\u00e8 tutto e il contrario di tutto. Difficilissimo orientarsi, non c\u2019\u00e8 un fine, una strategia, una tattica, ci sono provvidenze a favore degli amici o di qualche territorio\u00bb. Criticamente poi ha sottolineato i contributi dati all\u2019Associazione nazionale perseguitati politici italiani antifascisti (Annpia), all\u2019Unione autonoma partigiani sardi (Uaps). \u00abVorrei sapere dove sono&nbsp; in Sardegna \u2013 ha concluso -&nbsp; le sedi dell\u2019Associazione nazionale partigiani d\u2019Italia (Anpi)\u00bb.<\/p>\n<p>Il consigliere Giuseppe Fasolino (Forza Italia) ha dichiarato che l\u2019art. 28 \u00ab\u00e8 un po\u2019 il sunto di una Finanziaria senza un filo conduttore, con interventi disorganici privi di una logica, che aumenta l\u2019incertezza su una legge che non riesce ad esprimere una idea di fondo, una scelta capace di&nbsp; individuare priorit\u00e0, obiettivi, traguardi da raggiungere\u00bb. Tutte le componenti del Consiglio, ha continuato, \u00abhanno cercato di dare il loro contributo ma qualcuno \u00e8 stato sicuramente pi\u00f9 volpe e qualcuno si \u00e8 accontentato di far bella figura sul proprio territorio\u00bb. Alla fine, ha concluso, \u00absiamo arrivati ad una legge deludente, la vostra prima finanziaria su cui non potete accampare scuse n\u00e9 rivangare il passato: dovete assumervi per intero le vostre responsabilit\u00e0\u00bb.<\/p>\n<p>Il consigliere Antonello Peru (Forza Italia) \u00e8 stato molto critico: \u00abSpero che i Sardi non ci sentano e non ci vedano perch\u00e9 altrimenti dovrebbero prenderci tutti a calci nel sedere; che senso ha lavorare ignorando una opposizione che vuole contribuire e costruire? Potevamo tranquillamente approvare la finanziaria domani mattina invece si \u00e8 preferito continuare con un art. 28 dove si dice tutto e il contrario di tutto, che contiene solo autorizzazioni di spesa\u00bb. Sicuramente, ha sostenuto Peru, \u00abi sardi avrebbero voluto cose ben diverse, crescita, sviluppo, politiche attive del lavoro e molto altro; invece prima avete parlato di selezionare le priorit\u00e0 anche a proposito delle vittime dell\u2019alluvione, dei disoccupati, dei lavoratori delle societ\u00e0 in house ma poi, in questo articolo, ci sono risorse che potevano avere una destinazione migliore\u00bb. Dentro la finanziaria, ha concluso, \u00abnon c\u2019\u00e8 una idea ed un modello di sviluppo n\u00e9 strumenti di sostegno alle attivit\u00e0 produttive\u00bb.<\/p>\n<p>Il consigliere Modesto Fenu (Sardegna-Zona franca) ha citato un detto popolare, se uno non vuole due non litigano, per significare che \u00aboccorre sempre avere una percezione forte dell\u2019orientamento al bene comune\u00bb. La minoranza, ha ricordato, \u00abha sempre manifestato un atteggiamento costruttivo, collaborativo, positivo, e non si capisce chi o cosa abbia interrotto questo circuito virtuoso, visto che non pi\u00f9 tardi di un giorno fa il Consiglio \u00e8 stato capace di raggiungere una posizione comune su un argomento, come quello della zona franca, che per mesi era stato molto divisivo\u00bb. Il clima \u00e8 diventato teso, \u00e8 peggiorato, ha concluso Fenu, \u00abed \u00e8 un fatto negativo\u00bb.<\/p>\n<p>Il consigliere Angelo Carta (Psd\u2019Az), dopo aver ricordato che si trova ad affrontare la prima finanziaria, ha richiamato l\u2019attenzione del Consiglio su una lettera inviata ai consiglieri regionali della provincia di Nuoro, scritta dagli operatori del consorzio di lettura Sebastiano Satta, cui aderiscono 30 comuni della provincia di Nuoro. Nella lettera si ricorda la necessit\u00e0 dell\u2019intervento di sostegno della Regione, che peraltro non \u00e8 mai mancato negli anni scorsi anche grazie alle indicazioni del Consiglio regionale, \u00abmentre quest\u2019anno non \u00e8 stato stanziato neanche un euro\u00bb. Nell\u2019art. 28, ha detto ancora Carta, \u00aba fronte del no al consorzio Satta, ci sono risorse per i perseguitati politici antifascisti e l\u2019America\u2019s Cup, 80.000 euro alla biblioteca di un solo comune e cos\u00ec via: finir\u00e0 che i 30 comuni del consorzio Satta si incateneranno ben presto qui, sotto il palazzo della Regione\u00bb.<\/p>\n<p>Il consigliere Ugo Cappellacci (Forza Italia) ha affermato che il Consiglio \u00e8 arrivato al punto massimo della finanziaria, \u00ababbiamo sentito una serie di annunci per magnificare i contenuti della legge, dalla strategia keynesiana alla lotta agli sprechi, dal rigore allo sviluppo, ma se a territori e categorie sociali sostituiamo alcuni nomi e cognomi comprendiamo meglio la logica di questo articolo e comprendo anche che i consiglieri della maggioranza abbiano scelto di non parlare\u00bb. Il nostro dovere di opposizione \u00e8 denunciare quanto sta accadendo, invitando la maggioranza ad essere conseguente\u00bb. Papa Francesco, ha ricordato Cappellacci, diceva che nella vita bisogna avere il coraggio di fermarsi e scegliere, con l\u2019etica dei principi si assumono decisioni senza curarsi delle conseguenze, con l\u2019etica della responsabilit\u00e0 che dovrebbe guidare il politico, ci si preoccupa molto della conseguenze delle proprie azioni: che ora la maggioranza rifletta sulle conseguenze di tanti annunci per la Sardegna\u00bb.<\/p>\n<p>Il consigliere Michele Cossa (Riformatori) ha detto di essere tentato di cambiare il capo VII della finanziaria \u201cDisposizioni diverse\u201d con de marchettibus; il rigore \u00e8 entrato nella vita di tutti noi ed \u00e8 un concetto che viene accettato nella consapevolezza che attraversiamo un momento molto difficile per superare il quale occorre fare sacrifici, a condizione che i sacrifici li facciano tutti\u00bb. L\u2019art. 28 invece, ha detto ancora Cossa, \u00abcontiene un messaggio, sotto questo profilo, terrificante e devastante con la Regione che diventa una specie di bancomat per pochi privilegiati; da una parte si negano interventi utili e necessari, dall\u2019altra di disperdono fondi in mille rivoli, \u00e8 una degenerazione dei rapporti istituzionali che alimenta un clientelismo in aperta contraddizione con la presunta superiorit\u00e0 morale del centro sinistra\u00bb.<\/p>\n<p>Il presidente Ganau ha concesso la parola al consigliere di Forza Italia, Stefano Tunis. L\u2019esponente della minoranza ha criticato le previsioni contenute nel paragrafo \u201cdisposizione diverse\u201d, sottolineandone la natura discrezionale e poco organica, ed ha auspicato che il Consiglio si messo nelle condizioni di impiegare al meglio il suo tempo.<\/p>\n<p>Tunis ha sottolineato l\u2019urgenza di una legge per l\u2019urbanistica e rimarcato il disagio di professionisti e imprese per l\u2019assenza di regole certe in materia anche a seguito della mancata proroga delle disposizioni contenute nel piano casa e per la mancata approvazione della annunciata legge sull\u2019edilizia. Il consigliere di Fi ha quindi definito una \u201cfoglia di fico\u201d la legge sulla sanit\u00e0 recentemente approvata dal Consiglio che ha aperto la strada ai commissariamenti della Sanit\u00e0, pur riconoscendo il diritto dei \u201cvincitori delle elezioni\u201d a scegliere il management di Asl e Aou. \u00abServe un circuito virtuoso di proposte e soluzioni\u00bb, ha concluso Tunis che ha invitato l\u2019intero Consiglio ad una profonda \u201criflessione\u201d.<\/p>\n<p>Il presidente del Consiglio a conclusione dell\u2019intervento del consigliere Tunis ha sospeso i lavori e convocato la conferenza dei capigruppo. Alla ripresa dei lavori, dopo diverse rinunce di interventi, il presidente Ganau ha dichiarato conclusa la discussione generale. Ha chiuso la seduta e ha annunciato al convocazione del Consiglio per domani alle 10.30. Com<\/p>\n","protected":false},"excerpt":{"rendered":"<p>Alla ripresa dei lavori, il presidente ha aperto la discussione sull\u2019articolo 28 (Autorizzazioni di spesa) e sugli emendamenti. Il testo, composto da 27 commi, autorizzata&#8230;<\/p>\n","protected":false},"author":2,"featured_media":0,"comment_status":"closed","ping_status":"closed","sticky":false,"template":"","format":"standard","meta":[],"categories":[49],"tags":[],"_links":{"self":[{"href":"https:\/\/www.cronacaonline.it\/index.php\/wp-json\/wp\/v2\/posts\/114283"}],"collection":[{"href":"https:\/\/www.cronacaonline.it\/index.php\/wp-json\/wp\/v2\/posts"}],"about":[{"href":"https:\/\/www.cronacaonline.it\/index.php\/wp-json\/wp\/v2\/types\/post"}],"author":[{"embeddable":true,"href":"https:\/\/www.cronacaonline.it\/index.php\/wp-json\/wp\/v2\/users\/2"}],"replies":[{"embeddable":true,"href":"https:\/\/www.cronacaonline.it\/index.php\/wp-json\/wp\/v2\/comments?post=114283"}],"version-history":[{"count":0,"href":"https:\/\/www.cronacaonline.it\/index.php\/wp-json\/wp\/v2\/posts\/114283\/revisions"}],"wp:attachment":[{"href":"https:\/\/www.cronacaonline.it\/index.php\/wp-json\/wp\/v2\/media?parent=114283"}],"wp:term":[{"taxonomy":"category","embeddable":true,"href":"https:\/\/www.cronacaonline.it\/index.php\/wp-json\/wp\/v2\/categories?post=114283"},{"taxonomy":"post_tag","embeddable":true,"href":"https:\/\/www.cronacaonline.it\/index.php\/wp-json\/wp\/v2\/tags?post=114283"}],"curies":[{"name":"wp","href":"https:\/\/api.w.org\/{rel}","templated":true}]}}