{"id":114281,"date":"2015-02-27T17:20:52","date_gmt":"2015-02-27T16:20:52","guid":{"rendered":"http:\/\/www.cronacaonline.it\/public\/content\/index.php\/27\/02\/2015\/carabinieri-di-ala-dei-sardi-denunciano-giovane-del-paese-per-falsita-ideologica-commessa-dal-privato-in-atto-pubblico"},"modified":"2015-02-27T17:20:52","modified_gmt":"2015-02-27T16:20:52","slug":"carabinieri-di-ala-dei-sardi-denunciano-giovane-del-paese-per-falsita-ideologica-commessa-dal-privato-in-atto-pubblico","status":"publish","type":"post","link":"https:\/\/www.cronacaonline.it\/index.php\/2015\/02\/27\/carabinieri-di-ala-dei-sardi-denunciano-giovane-del-paese-per-falsita-ideologica-commessa-dal-privato-in-atto-pubblico\/","title":{"rendered":"Carabinieri di Al\u00e0 Dei Sardi denunciano giovane del paese per falsit\u00e0 ideologica commessa dal privato in atto pubblico."},"content":{"rendered":"<p>I Carabinieri della Stazione di Al\u00e0 dei Sardi hanno denunciato in stato di libert\u00e0 P.C., di 29 anni, del paese, ritenuto responsabile di falsit\u00e0 ideologica commessa dal privato in atto pubblico. <\/p>\n<p>L\u2019intreccio nasce proprio nella giornata di ieri, quando i militari ricevono una lettera dalla Motorizzazione Civile di Sassari con la richiesta di ritirare, presso il domicilio dell\u2019interessato, la patente di guida italiana. Il giovane, infatti, nel maggio del 2014 aveva denunciato lo smarrimento proprio della stessa patente di guida, salvo consegnarla poi alle Autorit\u00e0 del Lussemburgo per ottenerne la conversione in patente di guida lussemburghese. In seguito il Ministero dei Trasporti del Lussemburgo, ignaro della denuncia sporta in Italia, una volta ricevuta la richiesta ha consegnato all\u2019interessato la patente lussemburghese e spedito in Italia per la distruzione la patente italiana.<\/p>\n<p>I militari, solo dopo gli accertamenti svolti in Italia hanno appurato che P.C. era in possesso, illegalmente, di 2 patenti di guida: una ottenuta dalla Motorizzazione di Sassari a seguito della denuncia di smarrimento, l\u2019altra consegnatagli dal Ministero dei Trasporti del Lussemburgo.&nbsp; <\/p>\n","protected":false},"excerpt":{"rendered":"<p>I Carabinieri della Stazione di Al\u00e0 dei Sardi hanno denunciato in stato di libert\u00e0 P.C., di 29 anni, del paese, ritenuto responsabile di falsit\u00e0 ideologica&#8230;<\/p>\n","protected":false},"author":2,"featured_media":0,"comment_status":"closed","ping_status":"closed","sticky":false,"template":"","format":"standard","meta":[],"categories":[49],"tags":[],"_links":{"self":[{"href":"https:\/\/www.cronacaonline.it\/index.php\/wp-json\/wp\/v2\/posts\/114281"}],"collection":[{"href":"https:\/\/www.cronacaonline.it\/index.php\/wp-json\/wp\/v2\/posts"}],"about":[{"href":"https:\/\/www.cronacaonline.it\/index.php\/wp-json\/wp\/v2\/types\/post"}],"author":[{"embeddable":true,"href":"https:\/\/www.cronacaonline.it\/index.php\/wp-json\/wp\/v2\/users\/2"}],"replies":[{"embeddable":true,"href":"https:\/\/www.cronacaonline.it\/index.php\/wp-json\/wp\/v2\/comments?post=114281"}],"version-history":[{"count":0,"href":"https:\/\/www.cronacaonline.it\/index.php\/wp-json\/wp\/v2\/posts\/114281\/revisions"}],"wp:attachment":[{"href":"https:\/\/www.cronacaonline.it\/index.php\/wp-json\/wp\/v2\/media?parent=114281"}],"wp:term":[{"taxonomy":"category","embeddable":true,"href":"https:\/\/www.cronacaonline.it\/index.php\/wp-json\/wp\/v2\/categories?post=114281"},{"taxonomy":"post_tag","embeddable":true,"href":"https:\/\/www.cronacaonline.it\/index.php\/wp-json\/wp\/v2\/tags?post=114281"}],"curies":[{"name":"wp","href":"https:\/\/api.w.org\/{rel}","templated":true}]}}