{"id":114274,"date":"2015-02-27T17:20:52","date_gmt":"2015-02-27T16:20:52","guid":{"rendered":"http:\/\/www.cronacaonline.it\/public\/content\/index.php\/27\/02\/2015\/cittadinanza-onoraria-alla-brigata-sassari-il-sindaco-nicola-sanna-consegna-una-targa-celebrativa-al-generale-arturo-nitti"},"modified":"2015-02-27T17:20:52","modified_gmt":"2015-02-27T16:20:52","slug":"cittadinanza-onoraria-alla-brigata-sassari-il-sindaco-nicola-sanna-consegna-una-targa-celebrativa-al-generale-arturo-nitti","status":"publish","type":"post","link":"https:\/\/www.cronacaonline.it\/index.php\/2015\/02\/27\/cittadinanza-onoraria-alla-brigata-sassari-il-sindaco-nicola-sanna-consegna-una-targa-celebrativa-al-generale-arturo-nitti\/","title":{"rendered":"Cittadinanza onoraria alla Brigata Sassari: il sindaco Nicola Sanna consegna una targa celebrativa al generale Arturo Nitti."},"content":{"rendered":"<p>Il primo cittadino di Sassari, Nicola Sanna, questa mattina, alla caserma \u201cGonzaga\u201d di Sassari, ha conferito la cittadinanza onoraria alla Brigata Sassari. Sono iniziate questa mattina le celebrazioni per i cent'anni della Brigata \u201cSassari\u201d avvenuta il 1\u00b0 marzo 1915, data di costituzione dei due reggimenti storici, il 151\u00b0 a Sinnai e il 152\u00b0 a Tempio Pausania.<\/p>\n<p>Il sindaco ha consegnato al generale Arturo Nitti una cornice, all'interno della quale \u00e8 stata inserita una pergamena con scritto: L\u2019Amministrazione Comunale di Sassari conferisce la cittadinanza onoraria alla Brigata Sassari: \u201cDal 1915, con il loro eroismo arricchito da spirito di sacrificio e da radicati valori morali, i \u201cDimonios\u201d hanno portato in alto il nome della Brigata \u201cSassari\u201d e della citt\u00e0 di appartenenza dando spessore e gloria alla terra Sarda. Eredi delle tradizioni dei \u201cDiavoli Rossi\u201d, i \u201cSassarini\u201d che compongono oggi la Brigata fronteggiano ogni giorno, con lo stesso spirito dei loro predecessori, le moderne sfide. I trascorsi dell\u2019ultima quindicina d\u2019anni, che hanno visto la \u201cSassari\u201d impiegata, sia nella sua interezza che per unit\u00e0, in Albania, Bosnia, Kosovo, Macedonia, Iraq e Afghanistan, sono la testimonianza del valore e della professionalit\u00e0 che ancora adesso i \u201cDiavoli Rossi\u201d dimostrano, soprattutto per il raggiungimento della stabilit\u00e0 e della pace in quei territori martoriati dalle guerre, tenendo fede al motto \u201cSa vida pro sa Patria\u201d. Memore delle glorie derivanti dalle gesta compiute dai \u201cDimonios\u201d nella Grande Guerra, la Brigata, guidata dall\u2019urlo \u201cForza Paris\u201d, \u00e8 oggi ambasciatrice in tutto il mondo del valore che rappresenta, elevando ovunque il nome della citt\u00e0 di Sassari, della Sardegna e dell\u2019Italia intera\u201d.<\/p>\n<p>La consegna della targa \u00e8 stata preceduta dal discorso del sindaco Nicola Sanna.<br \/>\u00abSono convinto di interpretare i sentimenti e la volont\u00e0 dei cittadini di Sassari, che ho l\u2019onore di rappresentare, conferendo alla Brigata \u201cSassari\u201d la cittadinanza onoraria della Citt\u00e0 di Sassari.<\/p>\n<p>Tale conferimento vuole testimoniare ufficialmente e pubblicamente, l\u2019onore che questa citt\u00e0 sente di annoverare questa grande Unit\u00e0 dell\u2019Esercito Italiano composta da uomini e donne che con le loro opere, la dignit\u00e0 personale ed istituzionale, le capacit\u00e0 professionali, l\u2019impegno solidale e sociale dimostrato in molteplici situazioni anche di emergenza, sono diventati una viva e preziosa realt\u00e0 della Comunit\u00e0 Sassarese, apportando un significativo contributo nel rendere la nostra citt\u00e0 conosciuta, apprezzata ed amata in tutto il mondo.<\/p>\n<p>Nel corso degli anni tra la citt\u00e0 di Sassari e la Brigata \u201cSassari\u201d si \u00e8 creato un tangibile sodalizio, eredi delle tradizioni dei Diavoli Rossi, i Sassarini che compongono oggi la Brigata si trovano ogni giorno a operare con lo stesso spirito dei predecessori che oltre al fornire la loro professionalit\u00e0 in terra straniera talvolta ostile, sono sempre presenti e fattivamente partecipi agli eventi pi\u00f9 significativi della nostra storia culturale.<\/p>\n<p>Sin dal 1915 ad oggi, hanno evidenziato il carattere Sardo, caratterizzato dal vivo senso dell\u2019onore e della fierezza, distintisi oltre che per la loro grande professionalit\u00e0 \u00e8 meritevole di menzione il loro generosissimo slancio di solidariet\u00e0 dimostrato nei confronti delle Popolazioni colpite da calamit\u00e0 naturali quale l\u2019alluvione del Nord Sardegna.<\/p>\n<p>La Brigata \u201cSassari\u201d oggi spinta dal motto \u201cForza Paris\u201d, \u00e8 ambasciatrice del valore che rappresenta, elevando in ogni parte del mondo il nome della citt\u00e0 di Sassari e della terra della quale appartiene, la Sardegna\u00bb. Com<\/p>\n","protected":false},"excerpt":{"rendered":"<p>Il primo cittadino di Sassari, Nicola Sanna, questa mattina, alla caserma \u201cGonzaga\u201d di Sassari, ha conferito la cittadinanza onoraria alla Brigata Sassari. Sono iniziate questa&#8230;<\/p>\n","protected":false},"author":2,"featured_media":0,"comment_status":"closed","ping_status":"closed","sticky":false,"template":"","format":"standard","meta":[],"categories":[49],"tags":[],"_links":{"self":[{"href":"https:\/\/www.cronacaonline.it\/index.php\/wp-json\/wp\/v2\/posts\/114274"}],"collection":[{"href":"https:\/\/www.cronacaonline.it\/index.php\/wp-json\/wp\/v2\/posts"}],"about":[{"href":"https:\/\/www.cronacaonline.it\/index.php\/wp-json\/wp\/v2\/types\/post"}],"author":[{"embeddable":true,"href":"https:\/\/www.cronacaonline.it\/index.php\/wp-json\/wp\/v2\/users\/2"}],"replies":[{"embeddable":true,"href":"https:\/\/www.cronacaonline.it\/index.php\/wp-json\/wp\/v2\/comments?post=114274"}],"version-history":[{"count":0,"href":"https:\/\/www.cronacaonline.it\/index.php\/wp-json\/wp\/v2\/posts\/114274\/revisions"}],"wp:attachment":[{"href":"https:\/\/www.cronacaonline.it\/index.php\/wp-json\/wp\/v2\/media?parent=114274"}],"wp:term":[{"taxonomy":"category","embeddable":true,"href":"https:\/\/www.cronacaonline.it\/index.php\/wp-json\/wp\/v2\/categories?post=114274"},{"taxonomy":"post_tag","embeddable":true,"href":"https:\/\/www.cronacaonline.it\/index.php\/wp-json\/wp\/v2\/tags?post=114274"}],"curies":[{"name":"wp","href":"https:\/\/api.w.org\/{rel}","templated":true}]}}