{"id":114273,"date":"2015-02-27T17:20:52","date_gmt":"2015-02-27T16:20:52","guid":{"rendered":"http:\/\/www.cronacaonline.it\/public\/content\/index.php\/27\/02\/2015\/consorzi-fidi-artigiani--confartigianato-sardegna-esprime-rammarico-per-la-non-approvazione-dellemendamento-sui-confidi"},"modified":"2015-02-27T17:20:52","modified_gmt":"2015-02-27T16:20:52","slug":"consorzi-fidi-artigiani-confartigianato-sardegna-esprime-rammarico-per-la-non-approvazione-dellemendamento-sui-confidi","status":"publish","type":"post","link":"https:\/\/www.cronacaonline.it\/index.php\/2015\/02\/27\/consorzi-fidi-artigiani-confartigianato-sardegna-esprime-rammarico-per-la-non-approvazione-dellemendamento-sui-confidi\/","title":{"rendered":"Consorzi Fidi Artigiani \u2013 Confartigianato Sardegna esprime rammarico per la non approvazione dell\u2019emendamento sui Confidi."},"content":{"rendered":"<p>Confartigianato Imprese Sardegna esprime rammarico per mancato accoglimento da parte del Consiglio Regionale degli emendamenti sui contributi al fondo rischi dei Consorzi Fidi Artigiani e sul Consorzio Fidi di secondo grado dell'Artigianato, che ha da sempre rappresentato una formidabile leva per incrementare la capacit\u00e0 dei confidi di primo grado nel garantire le imprese artigiane operanti in Sardegna. Altres\u00ec, l\u2019Associazione Artigiana esprime incredulit\u00e0 per le parole con le quali l\u2019Assessore Regionale al Bilancio e Credito, Raffaele Paci, ha liquidato la \u201cproblematica Confidi e Credito\u201d, durante la discussione avvenuta nella massima Assemblea Sarda, in occasione dell\u2019approvazione dell\u2019articolo 14 della Finanziaria.<\/p>\n<p>\u201cSiamo amareggiati perch\u00e9 non sono state accolte le richieste del comparto \u2013 affermano da Confartigianato Imprese Sardegna \u2013 e soprattutto ancora una volta non si sono comprese le difficolt\u00e0 delle piccole imprese, delle famiglie e dei territori che rappresentano\u201d.<\/p>\n<p>\u201cPoi non trova fondamento il fatto che, come affermato da Paci, le banche non utilizzino i Confidi \u2013 continuano dall\u2019Associazione degli Artigiani - cos\u00ec come non trova fondamento il fatto che questi Consorzi non siano \u201caffidabili\u201d, cos\u00ec come ha fatto trasparire l\u2019Assessore\u201d. \u201cIn merito al coinvolgimento delle Associazioni \u2013 riprende Confartigianato - possiamo affermare con assoluta certezza che la nostra Associazione \u00e8 stata coinvolta sola 1 volta e i Consorzi Fidi sono stati interpellati solo 2 volte.<\/p>\n<p>Peraltro il 14 ottobre la \u201cRete dei Confidi di Confartigianato\u201d ha inviato all\u2019Assessore al Bilancio e Credito le propria posizione tramite lettera con la quale ha ribadito la contrariet\u00e0 alla costituzione di un unico consorzio\u201d.<\/p>\n<p>\u201cIl riferimento ai 24 milioni di residui, poi, \u2013 conclude l\u2019Associazione Artigiana - non \u00e8 altro che il rispetto di impegni precedentemente presi, e sui quali la Regione \u00e8 in ritardo, ci\u00f2 che preoccupa gli artigiani \u00e8 che per il futuro non c\u2019\u00e8 la previsione di adeguate risorse: 5 milioni di euro l\u2019anno per tutti i comparti produttivi sardi sono veramente poca cosa. Red<\/p>\n","protected":false},"excerpt":{"rendered":"<p>Confartigianato Imprese Sardegna esprime rammarico per mancato accoglimento da parte del Consiglio Regionale degli emendamenti sui contributi al fondo rischi dei Consorzi Fidi Artigiani e&#8230;<\/p>\n","protected":false},"author":2,"featured_media":0,"comment_status":"closed","ping_status":"closed","sticky":false,"template":"","format":"standard","meta":[],"categories":[49],"tags":[],"_links":{"self":[{"href":"https:\/\/www.cronacaonline.it\/index.php\/wp-json\/wp\/v2\/posts\/114273"}],"collection":[{"href":"https:\/\/www.cronacaonline.it\/index.php\/wp-json\/wp\/v2\/posts"}],"about":[{"href":"https:\/\/www.cronacaonline.it\/index.php\/wp-json\/wp\/v2\/types\/post"}],"author":[{"embeddable":true,"href":"https:\/\/www.cronacaonline.it\/index.php\/wp-json\/wp\/v2\/users\/2"}],"replies":[{"embeddable":true,"href":"https:\/\/www.cronacaonline.it\/index.php\/wp-json\/wp\/v2\/comments?post=114273"}],"version-history":[{"count":0,"href":"https:\/\/www.cronacaonline.it\/index.php\/wp-json\/wp\/v2\/posts\/114273\/revisions"}],"wp:attachment":[{"href":"https:\/\/www.cronacaonline.it\/index.php\/wp-json\/wp\/v2\/media?parent=114273"}],"wp:term":[{"taxonomy":"category","embeddable":true,"href":"https:\/\/www.cronacaonline.it\/index.php\/wp-json\/wp\/v2\/categories?post=114273"},{"taxonomy":"post_tag","embeddable":true,"href":"https:\/\/www.cronacaonline.it\/index.php\/wp-json\/wp\/v2\/tags?post=114273"}],"curies":[{"name":"wp","href":"https:\/\/api.w.org\/{rel}","templated":true}]}}