{"id":114153,"date":"2015-03-06T17:20:52","date_gmt":"2015-03-06T16:20:52","guid":{"rendered":"http:\/\/www.cronacaonline.it\/public\/content\/index.php\/06\/03\/2015\/consorzi-fidi-un-nuovo-sistema-per-rendere-piu-competitive-le-imprese-sarde-fondo-unico-osservatorio-e-fondo-di-stabilizzazione"},"modified":"2015-03-06T17:20:52","modified_gmt":"2015-03-06T16:20:52","slug":"consorzi-fidi-un-nuovo-sistema-per-rendere-piu-competitive-le-imprese-sarde-fondo-unico-osservatorio-e-fondo-di-stabilizzazione","status":"publish","type":"post","link":"https:\/\/www.cronacaonline.it\/index.php\/2015\/03\/06\/consorzi-fidi-un-nuovo-sistema-per-rendere-piu-competitive-le-imprese-sarde-fondo-unico-osservatorio-e-fondo-di-stabilizzazione\/","title":{"rendered":"Consorzi fidi: un nuovo sistema per rendere pi\u00f9 competitive le imprese sarde. Fondo unico, osservatorio e fondo di stabilizzazione"},"content":{"rendered":"<p>Una riforma del finanziamento pubblico dei Consorzi Fidi per rafforzare le imprese sarde e renderle pi\u00f9 competitive sul mercato: quindi, razionalizzare il sistema Confidi, modernizzarlo e renderlo pi\u00f9 efficiente per garantire e migliorare l'accesso al credito delle medie, piccole e micro imprese sarde e dei liberi professionisti. Allo stesso tempo, garantire ai Confidi un adeguato supporto regionale, rafforzare i meccanismi virtuosi di impiego delle risorse pubbliche e regolarizzare l'erogazione dei contributi pubblici a favore del sistema.<\/p>\n<p>Sono questi gli obiettivi della Giunta regionale, da raggiungere attraverso un percorso iniziato dalla costituzione del Fondo Unico da 5 milioni di euro approvato con la manovra finanziaria, seguito da un disegno di legge di riordino dell'intervento pubblico nel settore dei Confidi (attualmente sono una ventina) che sar\u00e0 approvato dalla Giunta entro marzo per poi passare in Consiglio. \"Vogliamo far partire il nuovo sistema entro giugno - dice l'assessore della Programmazione e del Bilancio Raffaele Paci incontrando i presidenti dei Confidi insieme agli assessori del Lavoro Virginia Mura e dell'Artigianato Francesco Morandi per condividere il disegno di legge - . Abbiamo intrapreso gi\u00e0 dallo scorso anno un processo di razionalizzazione del sistema dei Confidi, perch\u00e9 un sistema sano vuol dire imprese che possono operare meglio sul mercato e questo \u00e8 importante soprattutto in un momento di crisi come questo\". <\/p>\n<p>Il fondo unico sostituir\u00e0 i precedenti, tre, collocati presso gli assessorati del Lavoro, dell'Artigianato e Commercio e dell'Industria. \"Dal Fondo Unico non si torna indietro perch\u00e9 in questo modo stiamo dando maggiori garanzie alle imprese stesse - assicura il vicepresidente della Regione -. Poi da parte nostra c'\u00e8 la massima apertura a cercare soluzioni che non penalizzino nessuno. Abbiamo il tempo che ci serve, prendiamocelo per condividere il percorso con tutte le associazioni\". Il disegno di legge della Giunta prevede anche l'istituzione di un Osservatorio che servir\u00e0 a monitorare e valutare il funzionamento del sistema. La legge di riordino sar\u00e0 approvata in Giunta entro marzo e passer\u00e0 poi all'esame del Consiglio regionale: obiettivo finale, far partire la riforma entro giugno.<\/p>\n<p>Presenteremo un disegno di legge che oggi siamo qui per discutere con tutti i Confidi e alla fine di questo processo legislativo che coinvolger\u00e0 pienamente il Consiglio regionale ci aspettiamo un sistema del credito pi\u00f9 efficace, pi\u00f9 sano, pi\u00f9 forte, pi\u00f9 mutualistico anche nei rapporti tra i consorzi stessi, che dia quindi anche pi\u00f9 garanzie alle nostre imprese\", conclude l'assessore Paci.<\/p>\n<p>- \"Questa riforma \u00e8 molto importante e sicuramente ha un suo punto di forza nel metodo di condivisione che si sta portando avanti con Assessorati e Confidi stessi - sottolinea l'assessore Mura -. Una riforma del settore \u00e8 necessaria, infatti una delle prime difficolt\u00e0 che ho trovato \u00e8 stata l'impossibilit\u00e0 di dare risposte a Confidi perch\u00e9 eravamo bloccati dal patto di stabilit\u00e0. Ora molti passi in avanti sono stati fatti, ne dobbiamo ancora fare, ma questo percorso di sicuro rafforzer\u00e0 le nostre imprese sul nostro territorio\". L'assessore Morandi assicura che \"le specificit\u00e0 del settore artigiano saranno tenute nel debito conto nelle proposte di riordino del settore\" ma precisa che anche per i Confidi dell'Artigianato, pi\u00f9 piccoli e frammentati, \u00e8 importante essere inseriti in un sistema. Si tratta dunque di capire come dare risposte a un settore che vive una realt\u00e0 difficile\".<\/p>\n","protected":false},"excerpt":{"rendered":"<p>Una riforma del finanziamento pubblico dei Consorzi Fidi per rafforzare le imprese sarde e renderle pi\u00f9 competitive sul mercato: quindi, razionalizzare il sistema Confidi, modernizzarlo&#8230;<\/p>\n","protected":false},"author":2,"featured_media":0,"comment_status":"closed","ping_status":"closed","sticky":false,"template":"","format":"standard","meta":[],"categories":[49],"tags":[],"_links":{"self":[{"href":"https:\/\/www.cronacaonline.it\/index.php\/wp-json\/wp\/v2\/posts\/114153"}],"collection":[{"href":"https:\/\/www.cronacaonline.it\/index.php\/wp-json\/wp\/v2\/posts"}],"about":[{"href":"https:\/\/www.cronacaonline.it\/index.php\/wp-json\/wp\/v2\/types\/post"}],"author":[{"embeddable":true,"href":"https:\/\/www.cronacaonline.it\/index.php\/wp-json\/wp\/v2\/users\/2"}],"replies":[{"embeddable":true,"href":"https:\/\/www.cronacaonline.it\/index.php\/wp-json\/wp\/v2\/comments?post=114153"}],"version-history":[{"count":0,"href":"https:\/\/www.cronacaonline.it\/index.php\/wp-json\/wp\/v2\/posts\/114153\/revisions"}],"wp:attachment":[{"href":"https:\/\/www.cronacaonline.it\/index.php\/wp-json\/wp\/v2\/media?parent=114153"}],"wp:term":[{"taxonomy":"category","embeddable":true,"href":"https:\/\/www.cronacaonline.it\/index.php\/wp-json\/wp\/v2\/categories?post=114153"},{"taxonomy":"post_tag","embeddable":true,"href":"https:\/\/www.cronacaonline.it\/index.php\/wp-json\/wp\/v2\/tags?post=114153"}],"curies":[{"name":"wp","href":"https:\/\/api.w.org\/{rel}","templated":true}]}}