{"id":114104,"date":"2015-03-10T17:20:52","date_gmt":"2015-03-10T16:20:52","guid":{"rendered":"http:\/\/www.cronacaonline.it\/public\/content\/index.php\/10\/03\/2015\/commissariamento-delle-province-approvata-la-legge-in-consiglio-regionale"},"modified":"2015-03-10T17:20:52","modified_gmt":"2015-03-10T16:20:52","slug":"commissariamento-delle-province-approvata-la-legge-in-consiglio-regionale","status":"publish","type":"post","link":"https:\/\/www.cronacaonline.it\/index.php\/2015\/03\/10\/commissariamento-delle-province-approvata-la-legge-in-consiglio-regionale\/","title":{"rendered":"Commissariamento delle province, approvata la legge in consiglio regionale."},"content":{"rendered":"<p>Il Consiglio regionale questo pomeriggio ha approvato la proposta di legge n. 190 sul commissariamento di tre delle Province storiche, Sassari, Nuoro e Oristano, in vista della Riforma degli Enti locali approvata dalla Giunta il 29 dicembre 2014 (\u201cRiordino del sistema delle autonomie locali della Sardegna\u201d). Il mandato degli organi delle tre Province storiche terminer\u00e0, per scadenza naturale, a giugno 2015. Le altre cinque sono state gi\u00e0 commissariate da tempo, in virt\u00f9 della legge regionale n.15 del 28 giugno 2015: Carbonia-Iglesias, Medio Campidano, Ogliastra, Olbia \u2013Tempio e Cagliari.<\/p>\n<p>&nbsp;\u201cCon l\u2019approvazione di questa legge \u2013 ha detto l\u2019assessore degli Enti locali, Cristiano Erriu \u2013 poniamo il primo importante tassello per dare avvio alla Riforma delle Autonomie locali della Sardegna.<\/p>\n<p>Il commissariamento dei tre Enti di area vasta si \u00e8 reso dunque necessario per scongiurare l\u2019elezione diretta di sole tre Province, che per consolidata giurisprudenza costituzionale avrebbero dovuto avere una durata del mandato non inferiore ai cinque anni, ed evitare che vi siano organi provinciali eletti direttamente e altri retti da commissari straordinari\u201d.<br \/>L\u2019esponente della Giunta Pigliaru ha inoltre ricordato la situazione finanziaria delle Province alla luce della legge di stabilit\u00e0 del 2015 che \u201cha disposto un taglio consistente di 50 milioni di euro per le Province della Sardegna. Questo rende ancora pi\u00f9 urgente l\u2019entrata in vigore della Riforma, l\u2019istituzione della Citt\u00e0 metropolitana di Cagliari, il rafforzamento delle Unioni di Comuni, per continuare a garantire i servizi ai cittadini\u201d.<\/p>\n<p>In vista della Riforma degli Enti la Regione ha gi\u00e0 istituito, ed \u00e8 al lavoro da mesi, l\u2019Osservatorio delle funzioni provinciali, \u201cche al pari del modello statale \u2013 ha detto Cristiano Erriu- vuole assegnare ad altri Enti, in particolare i Comuni e Unioni di Comuni, quelle funzioni oggi svolte dalle Province che non rientrano tra quelle fondamentali. Questo processo di riallocazione rappresenta il secondo fondamentale pilastro della Riforma\u201d.<br \/>Durante la seduta in Aula, con parere contrario della Giunta e con voto segreto, \u00e8 stato bocciato l\u2019emendamento che proponeva di aumentare a quattro il limite del mandato dei sindaci dei Comuni al di sotto dei tremila abitanti.<\/p>\n","protected":false},"excerpt":{"rendered":"<p>Il Consiglio regionale questo pomeriggio ha approvato la proposta di legge n. 190 sul commissariamento di tre delle Province storiche, Sassari, Nuoro e Oristano, in&#8230;<\/p>\n","protected":false},"author":2,"featured_media":0,"comment_status":"closed","ping_status":"closed","sticky":false,"template":"","format":"standard","meta":[],"categories":[49],"tags":[],"_links":{"self":[{"href":"https:\/\/www.cronacaonline.it\/index.php\/wp-json\/wp\/v2\/posts\/114104"}],"collection":[{"href":"https:\/\/www.cronacaonline.it\/index.php\/wp-json\/wp\/v2\/posts"}],"about":[{"href":"https:\/\/www.cronacaonline.it\/index.php\/wp-json\/wp\/v2\/types\/post"}],"author":[{"embeddable":true,"href":"https:\/\/www.cronacaonline.it\/index.php\/wp-json\/wp\/v2\/users\/2"}],"replies":[{"embeddable":true,"href":"https:\/\/www.cronacaonline.it\/index.php\/wp-json\/wp\/v2\/comments?post=114104"}],"version-history":[{"count":0,"href":"https:\/\/www.cronacaonline.it\/index.php\/wp-json\/wp\/v2\/posts\/114104\/revisions"}],"wp:attachment":[{"href":"https:\/\/www.cronacaonline.it\/index.php\/wp-json\/wp\/v2\/media?parent=114104"}],"wp:term":[{"taxonomy":"category","embeddable":true,"href":"https:\/\/www.cronacaonline.it\/index.php\/wp-json\/wp\/v2\/categories?post=114104"},{"taxonomy":"post_tag","embeddable":true,"href":"https:\/\/www.cronacaonline.it\/index.php\/wp-json\/wp\/v2\/tags?post=114104"}],"curies":[{"name":"wp","href":"https:\/\/api.w.org\/{rel}","templated":true}]}}