{"id":113961,"date":"2015-03-19T17:20:51","date_gmt":"2015-03-19T16:20:51","guid":{"rendered":"http:\/\/www.cronacaonline.it\/public\/content\/index.php\/19\/03\/2015\/interrogazione-del-consigliere-regionale-eugenio-lai-vice-presidente-del-consiglio"},"modified":"2015-03-19T17:20:51","modified_gmt":"2015-03-19T16:20:51","slug":"interrogazione-del-consigliere-regionale-eugenio-lai-vice-presidente-del-consiglio","status":"publish","type":"post","link":"https:\/\/www.cronacaonline.it\/index.php\/2015\/03\/19\/interrogazione-del-consigliere-regionale-eugenio-lai-vice-presidente-del-consiglio\/","title":{"rendered":"Interrogazione del consigliere regionale Eugenio Lai, Vice presidente del Consiglio"},"content":{"rendered":"<p>Valorizzare il ruolo del volontariato, soprattutto in materia di protezione civile, significa soprattutto mettere a punto a livello regionale un modello organizzativo efficiente in grado di garantire la programmazione delle attivit\u00e0 ed il miglior utilizzo delle risorse umane e materiali disponibili.<br \/>\u00c8 quanto sollecita, in una interrogazione rivolta al presidente della Regione ed all\u2019assessore dell\u2019Ambiente, il consigliere regionale di Sel Eugenio Lai, primo firmatario della proposta sottoscritta anche dal capogruppo Daniele Cocco e dai consiglieri Francesco Agus e Luca Pizzuto.<\/p>\n<p>Nell\u2019interrogazione, Lai invita in particolare il presidente della Regione a recepire le istanze provenienti dal mondo del volontariato. Da tempo, ricorda Lai, \u201cle associazioni del settore hanno predisposto un documento costitutivo che pu\u00f2 e deve costituire un testo-base per dare vita a quella Rappresentanza regionale di volontariato di Protezione civile di cui gli operatori avvertono la necessit\u00e0, per poter operare proficuamente al fianco della Regione e delle altre Istituzioni in un quadro normativo stabile, avanzato e funzionale\u201d.<\/p>\n<p>Spetta ora alla Regione, ha proseguito il vice presidente del Consiglio, \u201cfare per intero la sua parte, predisponendo tutti gli strumenti normativi ed amministrativi necessari per il riconoscimento della Rappresentanza del volontariato di Protezione civile quale organo consultivo per la Regione; si tratta di un passaggio non formale ma sostanziale che, nella corretta applicazione del principio di sussidiariet\u00e0, stimola la diffusione di iniziative dal basso nella societ\u00e0 sarda, organizza le pi\u00f9 altre espressioni della solidariet\u00e0 sociale e svolge un importantissimo ruolo di supporto alle istituzioni pubbliche nella salvaguardia di un bene comune fondamentale come l\u2019ambiente\u201d.<\/p>\n","protected":false},"excerpt":{"rendered":"<p>Valorizzare il ruolo del volontariato, soprattutto in materia di protezione civile, significa soprattutto mettere a punto a livello regionale un modello organizzativo efficiente in grado&#8230;<\/p>\n","protected":false},"author":2,"featured_media":0,"comment_status":"closed","ping_status":"closed","sticky":false,"template":"","format":"standard","meta":[],"categories":[49],"tags":[],"_links":{"self":[{"href":"https:\/\/www.cronacaonline.it\/index.php\/wp-json\/wp\/v2\/posts\/113961"}],"collection":[{"href":"https:\/\/www.cronacaonline.it\/index.php\/wp-json\/wp\/v2\/posts"}],"about":[{"href":"https:\/\/www.cronacaonline.it\/index.php\/wp-json\/wp\/v2\/types\/post"}],"author":[{"embeddable":true,"href":"https:\/\/www.cronacaonline.it\/index.php\/wp-json\/wp\/v2\/users\/2"}],"replies":[{"embeddable":true,"href":"https:\/\/www.cronacaonline.it\/index.php\/wp-json\/wp\/v2\/comments?post=113961"}],"version-history":[{"count":0,"href":"https:\/\/www.cronacaonline.it\/index.php\/wp-json\/wp\/v2\/posts\/113961\/revisions"}],"wp:attachment":[{"href":"https:\/\/www.cronacaonline.it\/index.php\/wp-json\/wp\/v2\/media?parent=113961"}],"wp:term":[{"taxonomy":"category","embeddable":true,"href":"https:\/\/www.cronacaonline.it\/index.php\/wp-json\/wp\/v2\/categories?post=113961"},{"taxonomy":"post_tag","embeddable":true,"href":"https:\/\/www.cronacaonline.it\/index.php\/wp-json\/wp\/v2\/tags?post=113961"}],"curies":[{"name":"wp","href":"https:\/\/api.w.org\/{rel}","templated":true}]}}