{"id":113931,"date":"2015-03-20T17:20:51","date_gmt":"2015-03-20T16:20:51","guid":{"rendered":"http:\/\/www.cronacaonline.it\/public\/content\/index.php\/20\/03\/2015\/consiglio-sardegna-la-presidente-della-camera-dei-deputati-laura-boldrini-alla-solenne-riunione-solenne-dellassembra-sarda-4"},"modified":"2015-03-20T17:20:51","modified_gmt":"2015-03-20T16:20:51","slug":"consiglio-sardegna-la-presidente-della-camera-dei-deputati-laura-boldrini-alla-solenne-riunione-solenne-dellassembra-sarda-4","status":"publish","type":"post","link":"https:\/\/www.cronacaonline.it\/index.php\/2015\/03\/20\/consiglio-sardegna-la-presidente-della-camera-dei-deputati-laura-boldrini-alla-solenne-riunione-solenne-dellassembra-sarda-4\/","title":{"rendered":"Consiglio Sardegna: la presidente della Camera dei Deputati Laura Boldrini alla solenne riunione solenne dell\u2019Assembra sarda (4)"},"content":{"rendered":"<p>Dopo aver rivolto un saluto ai giovani della facolt\u00e0 di Scienze politiche che assistono alla seduta dalle tribune del pubblico, la presidente della Camera ha ricordato che questa \u00e8 la prima visita istituzionale in Sardegna, anche se aveva gi\u00e0 avuto modo di conoscere l\u2019Isola per questioni legate alla sua precedente esperienza professionale riguardante l\u2019immigrazione. La Sardegna \u00e8 grande, quasi un continente diceva qualcuno, ha affermato la Bodrini, \u00abE sono qui perch\u00e9 ritengo che sia dovere delle Istituzioni stare fuori del palazzo e andare dove c\u2019\u00e8 pi\u00f9 bisogno; in quest\u2019isola lo Stato ci deve essere e io stessa voglio potermi far carico dei vostri problemi per muovermi in una ottica di compartecipazione\u00bb.<\/p>\n<p>I primo obiettivo, ha proseguito, \u00ab\u00e8 quello di testimoniare una vicinanza concreta incontrando parti sociali, lavoratrici e lavoratori, non si pu\u00f2 ignorare il problema del lavoro che \u00e8 la madre di tutte le emergenze, il filo logico della mia visita passa attraverso il riconoscimento di autorevoli figure femminili, forse non troppo note come meriterebbero, che hanno saputo osare non fermandosi davanti agli ostacoli\u00bb.<\/p>\n<p>Iniziando ad affrontare il problema del ruolo attuale delle assemblee legislative, la presidente della Camera ha affermato che \u00abil deficit di credibilit\u00e0 si basa su qualcosa di reale, purtroppo non sempre le istituzioni riescono a rispondere alle aspettative delle persone, per meccanismi istituzionali inceppati ed inefficaci e problemi strutturali, mentre sullo sfondo emerge il dato di una crescita del potere esecutivo a scapito delle assemblee\u00bb.<\/p>\n<p>L\u2019emergenza che nasce dalla crisi, ha poi spiegato, \u00abha contribuito a spingere il potere decisionale in capo gli esecutivi per la necessit\u00e0 di intervenire rapidamente, spesso a scapito della possibilit\u00e0 di interventi partecipati e con il sostegno dei cittadini; le politiche passate sono state orientate quasi esclusivamente a criteri di austerit\u00e0 finanziaria, non attente a conseguenze sul piano sociale e nella Grecia di oggi, ad esempio, accade qualcosa che difficilmente pu\u00f2 essere spiegato: riduzione dei servizi principali, licenziamento dei dipendenti pubblici, aumento della mortalit\u00e0 infantile, il primo viaggio all\u2019estero l\u2019ho fatto l\u00ec e ho visto l\u2019abbandono degli orfanotrofi, l\u2019abbandono bambini superiore al 300%, impossibilit\u00e0 di accedere ai servizi sanitari, ecco, l\u2019Europa deve ricominciare da quegli orfanotrofi cos\u00ec come l\u2019Italia deve ricominciare da regioni pi\u00f9 svantaggiate\u00bb.<\/p>\n<p>Di fronte ha questo contesto, ha detto ancora la presidente della Camera, \u00able assemblee sono state chiamate spesso ad una partecipazione passiva, con decisioni che rischiano di rimanere inefficaci perch\u00e9 rigettate dai cittadini, mentre la loro funzione quella di assicurare la pi\u00f9 ampia partecipazione alle politiche pubbliche valorizzando anche il contributo istituzioni locali; dobbiamo aprirci di pi\u00f9 verso sistema regionale ed i territori per migliorare i processi decisionali a livello centrale, per il bene comune\u00bb.<\/p>\n<p>In questa fase storica, secondo la presidente, \u00abhanno preso corpo due esigenze senza contrapportele, da un lato la capacit\u00e0 di decisioni tempestive che altrimenti sarebbero schiacciate dai problemi, dall\u2019atra un processo legislativo consapevole con discussione partecipata; proprio per lavorare a questo nuovo equilibrio la Camera la mettendo a punto una riforma del regolamento che non \u00e8 tecnicismo, anzi \u00e8 importante e si muove lungo due direttrici: dare tempi certi al governo per ridurre decretazione d\u2019urgenza ed alle opposizioni spazi per loro proposte, assegnando centralit\u00e0 alle commissioni permanenti e dando certezze alle proposte di legge di iniziativa popolare\u00bb.<\/p>\n<p>Quest\u2019impianto, ha spiegato, \u00ab\u00e8 stato studiato per dare centralit\u00e0 ai lavori della Camera ma non c\u2019\u00e8 ancora abbastanza consenso visto che \u00e8 pronto da luglio ma ancora non fa passi avanti, ma nel frattempo un altro contributo al cambiamento verr\u00e0 dalla fine del bicamerameralismo il cui superamento \u00e8 necessario, attraverso la nuove configurazione di un Senato aperto alle realt\u00e0 regionali\u00bb.<\/p>\n<p>Si tratta di un passaggio significativo, a giudizio della Boldrini, \u00abperch\u00e9 non basta il parlamento nazionale in un paese plurale come l\u2019Italia, le Regioni devono essere parte fondamentale di un confronto permanente, non si pu\u00f2 governare tutto dal centro ed il polmone delle autonomie e quanto mai necessario per far respirare la nostra democrazia: questo esalta ragioni specialit\u00e0 come la Sardegna e questo nessuno intende metterlo in discussione\u00bb.<\/p>\n<p>Passando all\u2019analisi generale del difficile rapporto fra cittadini e Istituzioni, la presidente della Camera ha voluto ricordare una frase dei suoi esordi, che forse \u00e8 apparsa un po\u2019 ingenua: \u00abi cittadini devono tornare ad innamorarsi delle Istituzioni, pu\u00f2 sembrare velleitario ma \u00e8 necessario per salvaguardare la libert\u00e0, le Istituzioni devono rinnovarsi, rimettersi in discussione, rendersi trasparenti, bandendo la corruzione, facendo pulizia ed impegnandoci tutti per la sobriet\u00e0\u00bb. In questa legislatura abbiamo mandato un messaggio chiaro, ha aggiunto: \u00abmi sono tagliata lo stipendio, sono state tagliate l e indennit\u00e0 di funzione e le segretarie particolari, \u00e8 stata ristrutturata la retribuzione dei dipendenti che nessuno aveva mai fatto, anche mettendo dei detti sul maturato: fra Camera&nbsp; e Senato in quattro anni sono stati risparmiati 97 milioni ed inoltre, a parte i tagli, si \u00e8 tolto il segreto a molti documenti delle commissioni d\u2019inchiesta e migliaia di pagine sono oggi accessibili\u00bb.<\/p>\n<p>Per la prima volta, inoltre, \u00abla Camera \u00e8 presente sui social media, perch\u00e9 il web non \u00e8 solo un mezzo per discutere ma, ormai, un modo di partecipazione democratica, che per\u00f2 ha bisogno di alcune regole, alle quali sta lavorando una commissione mista per elaborare una carta di diritti e doveri\u00bb. <\/p>\n<p>Le Istituzioni, insomma, ad avviso della presidente della Camera, \u00abvanno profondamente rinnovate ma non demolite e non abbiamo bisogno dell\u2019anno zero, dobbiamo anzi rivendicare il cambiamento facendo comprendere a tutti l\u2019importanza delle Istituzioni per la democrazia; tra poche settimane ricorderemo il settantesimo liberazione, i sacrifici odi quanti persero la vita per libert\u00e0 politiche, se esiste un Parlamento ed assemblee elettive nelle Regioni e nei comuni lo dobbiamo a tutte quelle persone che lasciarono da parte tutto per combattere una guerra che ci ha portato alla libert\u00e0, non possiamo sottovalutarlo perch\u00e9 il parlamento \u00e8 figlio di quel coraggio e di quel sacrificio e deve tornare ad essere il cuore pulsante della vita democratica del nostro paese\u00bb.<\/p>\n<p>Dopo l\u2019intervento della presidente della Camera, il presidente Ganau ha chiuso la seduta. I lavori del Consiglio riprenderanno marted\u00ec prossimo alle 10.30.<\/p>\n","protected":false},"excerpt":{"rendered":"<p>Dopo aver rivolto un saluto ai giovani della facolt\u00e0 di Scienze politiche che assistono alla seduta dalle tribune del pubblico, la presidente della Camera ha&#8230;<\/p>\n","protected":false},"author":2,"featured_media":0,"comment_status":"closed","ping_status":"closed","sticky":false,"template":"","format":"standard","meta":[],"categories":[49],"tags":[],"_links":{"self":[{"href":"https:\/\/www.cronacaonline.it\/index.php\/wp-json\/wp\/v2\/posts\/113931"}],"collection":[{"href":"https:\/\/www.cronacaonline.it\/index.php\/wp-json\/wp\/v2\/posts"}],"about":[{"href":"https:\/\/www.cronacaonline.it\/index.php\/wp-json\/wp\/v2\/types\/post"}],"author":[{"embeddable":true,"href":"https:\/\/www.cronacaonline.it\/index.php\/wp-json\/wp\/v2\/users\/2"}],"replies":[{"embeddable":true,"href":"https:\/\/www.cronacaonline.it\/index.php\/wp-json\/wp\/v2\/comments?post=113931"}],"version-history":[{"count":0,"href":"https:\/\/www.cronacaonline.it\/index.php\/wp-json\/wp\/v2\/posts\/113931\/revisions"}],"wp:attachment":[{"href":"https:\/\/www.cronacaonline.it\/index.php\/wp-json\/wp\/v2\/media?parent=113931"}],"wp:term":[{"taxonomy":"category","embeddable":true,"href":"https:\/\/www.cronacaonline.it\/index.php\/wp-json\/wp\/v2\/categories?post=113931"},{"taxonomy":"post_tag","embeddable":true,"href":"https:\/\/www.cronacaonline.it\/index.php\/wp-json\/wp\/v2\/tags?post=113931"}],"curies":[{"name":"wp","href":"https:\/\/api.w.org\/{rel}","templated":true}]}}