{"id":113915,"date":"2015-03-23T17:20:51","date_gmt":"2015-03-23T16:20:51","guid":{"rendered":"http:\/\/www.cronacaonline.it\/public\/content\/index.php\/23\/03\/2015\/comune-di-stintino---olimpiadi-della-vela-2024-ci-credono-anche-il-parco-dellasinara-e-castelsardo-i-rappresentanti-dei-due-enti-sostengono-liniziativa-lanciata-da-stintino"},"modified":"2015-03-23T17:20:51","modified_gmt":"2015-03-23T16:20:51","slug":"comune-di-stintino-olimpiadi-della-vela-2024-ci-credono-anche-il-parco-dellasinara-e-castelsardo-i-rappresentanti-dei-due-enti-sostengono-liniziativa-lanciata-da-stintino","status":"publish","type":"post","link":"https:\/\/www.cronacaonline.it\/index.php\/2015\/03\/23\/comune-di-stintino-olimpiadi-della-vela-2024-ci-credono-anche-il-parco-dellasinara-e-castelsardo-i-rappresentanti-dei-due-enti-sostengono-liniziativa-lanciata-da-stintino\/","title":{"rendered":"Comune di Stintino &#8211; Olimpiadi della vela 2024, ci credono anche il Parco dell&#8217;Asinara e Castelsardo: i rappresentanti dei due enti sostengono l&#8217;iniziativa lanciata da Stintino."},"content":{"rendered":"<p>Continuano le manifestazione a sostegno della candidatura del Nord-Ovest Sardegna a ospitare le Olimpiadi della vela 2024. Ad appoggiare l'idea, questa volta, sono il Comune di Castelsardo e il consiglio direttivo del Parco nazionale dell'Asinara.<\/p>\n<p>Il consiglio direttivo del Parco nell'ultima riunione si \u00e8 espresso in modo unanime sull'iniziativa. \u00abSiamo favorevoli nell'appoggiare l'iniziativa che \u2013 ha detto il presidente Pasqualino Federici \u2013 pu\u00f2 rappresentare un obiettivo ambizioso: ottenere questo risultato sar\u00e0 un contributo vitale per l'economia del territorio, per il turismo, i servizi e i trasporti. Il progetto della creazione di una scuola internazionale di vela proprio sull'isola parco sar\u00e0 il fiore all\u2019occhiello della proposta\u00bb.<\/p>\n<p>Un'occasione che l\u2019intero comprensorio del nord-ovest dell\u2019isola, non deve perdere.<\/p>\n<p>La candidatura, inoltre, pu\u00f2 essere considerata strumento per rafforzare ancor di pi\u00f9 la rete territoriale e la centralit\u00e0 dell'area che dispone di un aeroporto, un porto per le grandi navi di linea e una serie di porti turistici che rappresentano veri e propri punti di riferimento nel turismo nautico: Alghero, Stintino Porto Torres e Castelsardo.<\/p>\n<p>\u00abSiamo convinti \u2013 hanno detto i componenti del consiglio direttivo di via Josto \u2013 che il Golfo dell'Asinara e il Nord Ovest Sardegna rappresentino le location ideali per le attivit\u00e0 legate alla vela. Il territorio, oltre a presentare uno scenario unico dal punto di vista della natura e dell'accoglienza, \u00e8 anche legato storicamente alle attivit\u00e0 del mare e della vela, in particolare Stintino che \u00e8 considerata la capitale della vela latina\u00bb.<\/p>\n<p>Da non dimenticare, poi, gli aspetti legati alla cultura, alla storia e all\u2019archeologia propri di questi territori e che suscitano sempre un forte interesse. Anche i territori di Sassari, Alghero, Sorso e Sennori, inoltre, con i loro patrimoni, sono indispensabili a questo grande progetto.<\/p>\n<p>L\u2019idea di candidare il territorio del Nord Sardegna a ospitare i Giochi olimpici della vela del 2024 piace anche al Comune di Castelsardo. A dirlo \u00e8 il sindaco Franco Cuccureddu che, proprio nei giorni scorsi, ha scritto al suo omologo di Stintino manifestando \u00aba nome dell\u2019amministrazione comunale di Castelsardo, il sostegno e l\u2019apprezzamento per la brillante iniziativa intrapresa dal Comune di Stintino\u00bb, qualora le Olimpiadi 2024 dovessero essere assegnate a Roma ma diffuse in pi\u00f9 regioni italiane. Com<\/p>\n","protected":false},"excerpt":{"rendered":"<p>Continuano le manifestazione a sostegno della candidatura del Nord-Ovest Sardegna a ospitare le Olimpiadi della vela 2024. Ad appoggiare l&#8217;idea, questa volta, sono il Comune&#8230;<\/p>\n","protected":false},"author":2,"featured_media":0,"comment_status":"closed","ping_status":"closed","sticky":false,"template":"","format":"standard","meta":[],"categories":[49],"tags":[],"_links":{"self":[{"href":"https:\/\/www.cronacaonline.it\/index.php\/wp-json\/wp\/v2\/posts\/113915"}],"collection":[{"href":"https:\/\/www.cronacaonline.it\/index.php\/wp-json\/wp\/v2\/posts"}],"about":[{"href":"https:\/\/www.cronacaonline.it\/index.php\/wp-json\/wp\/v2\/types\/post"}],"author":[{"embeddable":true,"href":"https:\/\/www.cronacaonline.it\/index.php\/wp-json\/wp\/v2\/users\/2"}],"replies":[{"embeddable":true,"href":"https:\/\/www.cronacaonline.it\/index.php\/wp-json\/wp\/v2\/comments?post=113915"}],"version-history":[{"count":0,"href":"https:\/\/www.cronacaonline.it\/index.php\/wp-json\/wp\/v2\/posts\/113915\/revisions"}],"wp:attachment":[{"href":"https:\/\/www.cronacaonline.it\/index.php\/wp-json\/wp\/v2\/media?parent=113915"}],"wp:term":[{"taxonomy":"category","embeddable":true,"href":"https:\/\/www.cronacaonline.it\/index.php\/wp-json\/wp\/v2\/categories?post=113915"},{"taxonomy":"post_tag","embeddable":true,"href":"https:\/\/www.cronacaonline.it\/index.php\/wp-json\/wp\/v2\/tags?post=113915"}],"curies":[{"name":"wp","href":"https:\/\/api.w.org\/{rel}","templated":true}]}}