{"id":113896,"date":"2015-03-24T17:20:51","date_gmt":"2015-03-24T16:20:51","guid":{"rendered":"http:\/\/www.cronacaonline.it\/public\/content\/index.php\/24\/03\/2015\/confindustria-sardegna---incontro-tra-i-giovani-imprenditori-ed-il-senatore-piergiorgio-massidda"},"modified":"2015-03-24T17:20:51","modified_gmt":"2015-03-24T16:20:51","slug":"confindustria-sardegna-incontro-tra-i-giovani-imprenditori-ed-il-senatore-piergiorgio-massidda","status":"publish","type":"post","link":"https:\/\/www.cronacaonline.it\/index.php\/2015\/03\/24\/confindustria-sardegna-incontro-tra-i-giovani-imprenditori-ed-il-senatore-piergiorgio-massidda\/","title":{"rendered":"Confindustria Sardegna &#8211; Incontro tra i giovani imprenditori ed il senatore Piergiorgio Massidda"},"content":{"rendered":"<p>Il Gruppo Giovani Imprenditori della Confindustria Sardegna Meridionale, nell\u2019ambito del ciclo di incontri con le personalit\u00e0 del territorio, previsto nel programma di attivit\u00e0 2015- 2016, ha incontrato nei giorni scorsi a Cagliari, presso la sede della Confindustria, Piergiorgio Massidda, gi\u00e0 Senatore della Repubblica e Presidente dell\u2019Autorit\u00e0 Portuale di Cagliari, attualmente Presidente di \u201cCagliari Free Zone\u201d.<\/p>\n<p>Nel corso dell\u2019incontro, svoltosi in un clima di grande cordialit\u00e0, sono state approfondite le problematiche connesse al mondo dei giovani e della imprenditorialit\u00e0 giovanile in Sardegna e nell\u2019area della citt\u00e0 capoluogo<\/p>\n<p>La Presidente del Gruppo Giovani, Clara Pili, dopo avere ringraziato il Senatore Massidda per la disponibilit\u00e0 e per l\u2019attenzione dimostrata nei confronti dei giovani e dopo avere illustrato gli obiettivi del ciclo di incontri in corso di svolgimento, si \u00e8 soffermata sulle principali&nbsp; problematiche dell\u2019imprenditoria giovanile, spesso comuni a quelle degli imprenditori senior ma talvolta rese pi\u00f9 complesse per le difficolt\u00e0 che i giovani trovano oggi ad inserirsi nel mondo del lavoro&nbsp; e, quindi, anche ad avviare una attivit\u00e0 imprenditoriale. Il Gruppo Giovani Imprenditori -ha continuato Clara Pili - svolge per questo, da tempo, una specifica azione di formazione imprenditoriale e manageriale destinata ai propri associati ma \u00e8 anche fortemente impegnato nell\u2019 azione di orientamento universitario e professionale indirizzata ai i ragazzi della scuole medie inferiori e superiori e nella divulgazione della cultura d\u2019impresa.<\/p>\n<p>Il Senatore Massidda dopo avere ringraziato per l\u2019attenzione riservatagli ha illustrato le molteplici esperienze da lui maturate nel corso della sua attivit\u00e0 di politico e come manager, richiamando le grandi potenzialit\u00e0, a suo avviso ancora poco sfruttate, della Sardegna.<\/p>\n<p>Ha quindi invitato i Giovani Imprenditori a rendersi protagonisti della rinascita economica della nostra regione. I giovani, i giovani imprenditori in particolare - ha detto - rappresentano il futuro della nostra societ\u00e0 e costituiscono una risorsa che la Sardegna non pu\u00f2 assolutamente perdere.<\/p>\n<p>E\u2019 necessario tuttavia che si assumano le proprie responsabilit\u00e0 - ha continuato -&nbsp; facendo valere senza timori le loro idee e le loro proposte, per dare alla societ\u00e0 quel contributo di nuova energia, creativit\u00e0 e rinnovamento che la societ\u00e0 stessa si aspetta da loro e che sono indispensabili per la crescita economica e sociale del territorio.<\/p>\n<p>L\u2019incontro si \u00e8 concluso con il reciproco impegno ad intensificare la collaborazione con il comune obiettivo di offrire un contributo concreto alla crescita dei sardi ed allo sviluppo della Sardegna.<\/p>\n","protected":false},"excerpt":{"rendered":"<p>Il Gruppo Giovani Imprenditori della Confindustria Sardegna Meridionale, nell\u2019ambito del ciclo di incontri con le personalit\u00e0 del territorio, previsto nel programma di attivit\u00e0 2015- 2016,&#8230;<\/p>\n","protected":false},"author":2,"featured_media":0,"comment_status":"closed","ping_status":"closed","sticky":false,"template":"","format":"standard","meta":[],"categories":[49],"tags":[],"_links":{"self":[{"href":"https:\/\/www.cronacaonline.it\/index.php\/wp-json\/wp\/v2\/posts\/113896"}],"collection":[{"href":"https:\/\/www.cronacaonline.it\/index.php\/wp-json\/wp\/v2\/posts"}],"about":[{"href":"https:\/\/www.cronacaonline.it\/index.php\/wp-json\/wp\/v2\/types\/post"}],"author":[{"embeddable":true,"href":"https:\/\/www.cronacaonline.it\/index.php\/wp-json\/wp\/v2\/users\/2"}],"replies":[{"embeddable":true,"href":"https:\/\/www.cronacaonline.it\/index.php\/wp-json\/wp\/v2\/comments?post=113896"}],"version-history":[{"count":0,"href":"https:\/\/www.cronacaonline.it\/index.php\/wp-json\/wp\/v2\/posts\/113896\/revisions"}],"wp:attachment":[{"href":"https:\/\/www.cronacaonline.it\/index.php\/wp-json\/wp\/v2\/media?parent=113896"}],"wp:term":[{"taxonomy":"category","embeddable":true,"href":"https:\/\/www.cronacaonline.it\/index.php\/wp-json\/wp\/v2\/categories?post=113896"},{"taxonomy":"post_tag","embeddable":true,"href":"https:\/\/www.cronacaonline.it\/index.php\/wp-json\/wp\/v2\/tags?post=113896"}],"curies":[{"name":"wp","href":"https:\/\/api.w.org\/{rel}","templated":true}]}}