{"id":113732,"date":"2015-04-02T17:20:51","date_gmt":"2015-04-02T16:20:51","guid":{"rendered":"http:\/\/www.cronacaonline.it\/public\/content\/index.php\/02\/04\/2015\/servizi-studenti-disabili-situazione-sotto-controllo-firino-la-regione-monitora-ed-interviene-tempestivamente"},"modified":"2015-04-02T17:20:51","modified_gmt":"2015-04-02T16:20:51","slug":"servizi-studenti-disabili-situazione-sotto-controllo-firino-la-regione-monitora-ed-interviene-tempestivamente","status":"publish","type":"post","link":"https:\/\/www.cronacaonline.it\/index.php\/2015\/04\/02\/servizi-studenti-disabili-situazione-sotto-controllo-firino-la-regione-monitora-ed-interviene-tempestivamente\/","title":{"rendered":"Servizi studenti disabili, situazione sotto controllo. Firino: la regione monitora ed interviene tempestivamente"},"content":{"rendered":"<p>Sotto controllo la situazione dei servizi per i disabili nella Provincia di Sassari e in tutte le province della Sardegna. Grazie al sistema di monitoraggio implementato dall\u2019Assessorato regionale della Pubblica Istruzione, le situazioni di tutte le province sono note e seguite costantemente.<\/p>\n<p>\u201cCome gi\u00e0 pi\u00f9 volte dichiarato, ribadisco che nessuno studente disabile dovr\u00e0 rinunciare a neanche un giorno di scuola\u201d dichiara l\u2019assessore Claudia Firino. \u201cAbbiamo gi\u00e0 ricevuto dalle Province interessate le segnalazioni di casi di difficolt\u00e0 ed interverremo direttamente evitando qualsiasi interruzione del servizio. Il sistema di monitoraggio regionale si sta dimostrando molto efficace nel palesare il fabbisogno esistente e particolarmente utile anche per valutare le esigenze di programmazione del servizio per l\u2019anno scolastico 2015-16\u201d conclude l\u2019esponente della Giunta regionale.<\/p>\n","protected":false},"excerpt":{"rendered":"<p>Sotto controllo la situazione dei servizi per i disabili nella Provincia di Sassari e in tutte le province della Sardegna. Grazie al sistema di monitoraggio&#8230;<\/p>\n","protected":false},"author":2,"featured_media":0,"comment_status":"closed","ping_status":"closed","sticky":false,"template":"","format":"standard","meta":[],"categories":[49],"tags":[],"_links":{"self":[{"href":"https:\/\/www.cronacaonline.it\/index.php\/wp-json\/wp\/v2\/posts\/113732"}],"collection":[{"href":"https:\/\/www.cronacaonline.it\/index.php\/wp-json\/wp\/v2\/posts"}],"about":[{"href":"https:\/\/www.cronacaonline.it\/index.php\/wp-json\/wp\/v2\/types\/post"}],"author":[{"embeddable":true,"href":"https:\/\/www.cronacaonline.it\/index.php\/wp-json\/wp\/v2\/users\/2"}],"replies":[{"embeddable":true,"href":"https:\/\/www.cronacaonline.it\/index.php\/wp-json\/wp\/v2\/comments?post=113732"}],"version-history":[{"count":0,"href":"https:\/\/www.cronacaonline.it\/index.php\/wp-json\/wp\/v2\/posts\/113732\/revisions"}],"wp:attachment":[{"href":"https:\/\/www.cronacaonline.it\/index.php\/wp-json\/wp\/v2\/media?parent=113732"}],"wp:term":[{"taxonomy":"category","embeddable":true,"href":"https:\/\/www.cronacaonline.it\/index.php\/wp-json\/wp\/v2\/categories?post=113732"},{"taxonomy":"post_tag","embeddable":true,"href":"https:\/\/www.cronacaonline.it\/index.php\/wp-json\/wp\/v2\/tags?post=113732"}],"curies":[{"name":"wp","href":"https:\/\/api.w.org\/{rel}","templated":true}]}}