{"id":113710,"date":"2015-04-07T17:20:51","date_gmt":"2015-04-07T16:20:51","guid":{"rendered":"http:\/\/www.cronacaonline.it\/public\/content\/index.php\/07\/04\/2015\/incontro-con-il-ministro-galletti-il-presidente-pigliaru-ribadisce-il-no-deciso-al-deposito-accelerazione-per-le-bonifiche"},"modified":"2015-04-07T17:20:51","modified_gmt":"2015-04-07T16:20:51","slug":"incontro-con-il-ministro-galletti-il-presidente-pigliaru-ribadisce-il-no-deciso-al-deposito-accelerazione-per-le-bonifiche","status":"publish","type":"post","link":"https:\/\/www.cronacaonline.it\/index.php\/2015\/04\/07\/incontro-con-il-ministro-galletti-il-presidente-pigliaru-ribadisce-il-no-deciso-al-deposito-accelerazione-per-le-bonifiche\/","title":{"rendered":"Incontro con il ministro galletti: il presidente Pigliaru ribadisce il no deciso al deposito. Accelerazione per le bonifiche"},"content":{"rendered":"<p>Visita del Ministro per l\u2019Ambiente Gian Luca Galletti, in tarda mattinata, al Presidente della Regione Francesco Pigliaru, negli uffici della presidenza in viale Trento. Numerosi i temi toccati nel corso del colloquio, a partire dall\u2019individuazione dei siti per le scorie nucleari.<\/p>\n<p>&nbsp;\u201cIl nostro \u00e8 un no deciso\u201d, ha detto il presidente Pigliaru al ministro Galletti. \u201cConfermo il sentimento della comunit\u00e0 sarda su questo argomento e quanto personalmente ho dichiarato in Consiglio regionale. Sulla Sardegna grava gi\u00e0 il peso eccessivo delle servit\u00f9 militari: il deposito delle scorie sarebbe una nuova servit\u00f9 che non vogliamo\u201d.<\/p>\n<p>Al rappresentante del Governo, Francesco Pigliaru ha consegnato personalmente copia della lettera gi\u00e0 inviatagli, nei giorni scorsi, dall\u2019assessore dell\u2019Ambiente Donatella Spano, in cui veniva ripresa anche la posizione contraria dell\u2019ANCI e quindi la voce delle comunit\u00e0 locali, e ha inoltre descritto il senso delle recenti mozioni presentate in Consiglio su questo tema.<\/p>\n<p>Affrontando la questione bonifiche, Presidente e Ministro hanno concordato un aggiornamento operativo da farsi entro il mese di aprile a Roma, con un tavolo tecnico-politico per l\u2019aggiornamento e l\u2019accelerazione di tutte le procedure in corso. Sul dissesto idrogeologico entrambi, poi, hanno ribadito la necessit\u00e0 di velocizzare la progettazione esecutiva, procedendo sul tracciato virtuoso che la Regione Sardegna ha avviato in questi mesi.<\/p>\n<p>Il ministro Galletti, infine, ha voluto richiamare quanto gi\u00e0 espresso nel corso del suo intervento ad un convegno in mattinata sul tema Tossilo: \u201cIl termovalorizzatore \u00e8 preferibile al conferimento in discarica \u2013 ha detto -, per rispettare gli orientamenti comunitari che prevedono in prospettiva il superamento della discariche e la Regione Sardegna, nella sua autonomia, far\u00e0 la sua parte per il raggiungimento di questo obiettivo\u201d.<\/p>\n","protected":false},"excerpt":{"rendered":"<p>Visita del Ministro per l\u2019Ambiente Gian Luca Galletti, in tarda mattinata, al Presidente della Regione Francesco Pigliaru, negli uffici della presidenza in viale Trento. Numerosi&#8230;<\/p>\n","protected":false},"author":2,"featured_media":0,"comment_status":"closed","ping_status":"closed","sticky":false,"template":"","format":"standard","meta":[],"categories":[49],"tags":[],"_links":{"self":[{"href":"https:\/\/www.cronacaonline.it\/index.php\/wp-json\/wp\/v2\/posts\/113710"}],"collection":[{"href":"https:\/\/www.cronacaonline.it\/index.php\/wp-json\/wp\/v2\/posts"}],"about":[{"href":"https:\/\/www.cronacaonline.it\/index.php\/wp-json\/wp\/v2\/types\/post"}],"author":[{"embeddable":true,"href":"https:\/\/www.cronacaonline.it\/index.php\/wp-json\/wp\/v2\/users\/2"}],"replies":[{"embeddable":true,"href":"https:\/\/www.cronacaonline.it\/index.php\/wp-json\/wp\/v2\/comments?post=113710"}],"version-history":[{"count":0,"href":"https:\/\/www.cronacaonline.it\/index.php\/wp-json\/wp\/v2\/posts\/113710\/revisions"}],"wp:attachment":[{"href":"https:\/\/www.cronacaonline.it\/index.php\/wp-json\/wp\/v2\/media?parent=113710"}],"wp:term":[{"taxonomy":"category","embeddable":true,"href":"https:\/\/www.cronacaonline.it\/index.php\/wp-json\/wp\/v2\/categories?post=113710"},{"taxonomy":"post_tag","embeddable":true,"href":"https:\/\/www.cronacaonline.it\/index.php\/wp-json\/wp\/v2\/tags?post=113710"}],"curies":[{"name":"wp","href":"https:\/\/api.w.org\/{rel}","templated":true}]}}