{"id":113706,"date":"2015-04-07T17:20:51","date_gmt":"2015-04-07T16:20:51","guid":{"rendered":"http:\/\/www.cronacaonline.it\/public\/content\/index.php\/07\/04\/2015\/def-21-miliardi-di-tasse-in-meno-nel-2015-renzi-pronto-al-confronto-con-i-sindaci"},"modified":"2015-04-07T17:20:51","modified_gmt":"2015-04-07T16:20:51","slug":"def-21-miliardi-di-tasse-in-meno-nel-2015-renzi-pronto-al-confronto-con-i-sindaci","status":"publish","type":"post","link":"https:\/\/www.cronacaonline.it\/index.php\/2015\/04\/07\/def-21-miliardi-di-tasse-in-meno-nel-2015-renzi-pronto-al-confronto-con-i-sindaci\/","title":{"rendered":"Def, 21 miliardi di tasse in meno nel 2015. Renzi: &#8220;pronto al confronto con i sindaci&#8221;"},"content":{"rendered":"<p>\"Questo Def non \u00e8 una manovra che toglie soldi agli italiani\". Il presidente del Consiglio Matteo Renzi annunciando le misure previste nel documento di economia e finanza esaminate in Consiglio dei ministri, sottolinea che \"non ci sono tagli e non c'\u00e8 aumento delle tasse\". Nel 2015, aggiunge il capo del Governo, riduciamo le tasse per 18 miliardi pi\u00f9 i 3 di clausole previste dai governi precedenti che eliminiamo\".<\/p>\n<p>Il documento, che sar\u00e0 approvato in via definitiva venerd\u00ec quando verr\u00e0 anche designato il sostituto di Delrio alla presidenza del Consiglio, ha messo nei giorni scorsi in allarme i sindaci che temono una riduzione di trasferimenti e di essere penalizzati dall'introduzione della Local Tax, la tassa unica per i servizi. I Comuni, garantisce Renzi, li \"incontriamo prima di venerd\u00ec\".<\/p>\n<p>\"Incontrer\u00f2 i Comuni prima di venerd\u00ec, se serve anche le Regioni. Ma ribadisco: non ci sono tagli per il 2015, punto\" ha detto il presidente del Consiglio, rispondendo in conferenza stampa ad una domanda sulle proteste dell'Anci per il rischio di tagli ai loro bilanci. Poi, ha aggiunto Renzi, \"che la spending debba continuare \u00e8 un dato di fatto\". Il premier ha fatto l'esempio delle province: \"Se si devono occupare solo di strade e scuole, \u00e8 chiaro che immaginiamo un taglio\".<\/p>\n<p>\"Trovo stravaganti alcune osservazioni che ho letto in questi giorni\" da parte degli amministratori locali, ha detto Renzi. Nello specifico, replicando all'allarme di Piero Fassino, definito un \"ottimo sindaco\", Renzi ha puntualizzato che il problema di Torino \u00e8 che \"deve scontare di aver violato il patto stabilit\u00e0 interno. Ci dicono di eliminare le conseguenze dello sforamento del patto, ma se lo facciamo con che credibilit\u00e0 andiamo da chi il patto lo ha rispettato?\".<\/p>\n<p>La risposta del primo cittadino di Torino non si \u00e8 fatta attendere.&nbsp; \"La violazione del patto di stabilit\u00e0, a cui si \u00e8 riferito il presidente del Consiglio nel corso della sua odierna conferenza stampa, \u00e8 stata una scelta non della Citt\u00e0 metropolitana, ma dell'amministrazione provinciale precedente. Semmai la Citt\u00e0 metropolitana di Torino ne eredita oggi le negative conseguenze, senza peraltro alcuna responsabilit\u00e0\" precisa in una nota il portavoce di Piero Fassino.<\/p>\n<p>\"L'economia internazionale \u00e8 migliore di quello che si pensava qualche mese fa e anche quella italiana\" ha detto il ministro dell'Economia Pier Carlo Padoan. \"Se si consolida la fiducia - ha aggiunto - le aspettative di adesso potrebbero essere sbagliate per difetto\". Per il momento, comunque, il governo ipotizza una crescita del Pil \"dello 0,7 per cento per il 2015, dell'1,4 per il 2016 e dell'1,5 per il 2017. Il rapporto deficit\/Pil dell'Italia, invece, sar\u00e0 del 2,6 per cento per quest'anno, del 1,8 nel 2016, dello 0,8 nel 2017.<\/p>\n<p>\"Nel 2018 la regola del debito sar\u00e0 pienamente soddisfatta, l'incubo della montagna del debito che pu\u00f2 attivare la ghigliottina delle regole sar\u00e0 finalmente via\" ha detto ancora Padoan, al termine del cdm sul Def. \"Se applicata domani - spiega Padoan - la regola del debito varrebbe pi\u00f9 di 2 punti di Pil\".<\/p>\n","protected":false},"excerpt":{"rendered":"<p>&#8220;Questo Def non \u00e8 una manovra che toglie soldi agli italiani&#8221;. Il presidente del Consiglio Matteo Renzi annunciando le misure previste nel documento di economia&#8230;<\/p>\n","protected":false},"author":2,"featured_media":0,"comment_status":"closed","ping_status":"closed","sticky":false,"template":"","format":"standard","meta":[],"categories":[49],"tags":[],"_links":{"self":[{"href":"https:\/\/www.cronacaonline.it\/index.php\/wp-json\/wp\/v2\/posts\/113706"}],"collection":[{"href":"https:\/\/www.cronacaonline.it\/index.php\/wp-json\/wp\/v2\/posts"}],"about":[{"href":"https:\/\/www.cronacaonline.it\/index.php\/wp-json\/wp\/v2\/types\/post"}],"author":[{"embeddable":true,"href":"https:\/\/www.cronacaonline.it\/index.php\/wp-json\/wp\/v2\/users\/2"}],"replies":[{"embeddable":true,"href":"https:\/\/www.cronacaonline.it\/index.php\/wp-json\/wp\/v2\/comments?post=113706"}],"version-history":[{"count":0,"href":"https:\/\/www.cronacaonline.it\/index.php\/wp-json\/wp\/v2\/posts\/113706\/revisions"}],"wp:attachment":[{"href":"https:\/\/www.cronacaonline.it\/index.php\/wp-json\/wp\/v2\/media?parent=113706"}],"wp:term":[{"taxonomy":"category","embeddable":true,"href":"https:\/\/www.cronacaonline.it\/index.php\/wp-json\/wp\/v2\/categories?post=113706"},{"taxonomy":"post_tag","embeddable":true,"href":"https:\/\/www.cronacaonline.it\/index.php\/wp-json\/wp\/v2\/tags?post=113706"}],"curies":[{"name":"wp","href":"https:\/\/api.w.org\/{rel}","templated":true}]}}