{"id":113658,"date":"2015-04-10T17:20:51","date_gmt":"2015-04-10T16:20:51","guid":{"rendered":"http:\/\/www.cronacaonline.it\/public\/content\/index.php\/10\/04\/2015\/comune-di-sassari-ricorda-le-140-vittime-della-moby-prince-lassessora-amalia-cherchi-a-livorno-per-la-commemorazione-della-tragedia-avvenuta-24-anni-fa"},"modified":"2015-04-10T17:20:51","modified_gmt":"2015-04-10T16:20:51","slug":"comune-di-sassari-ricorda-le-140-vittime-della-moby-prince-lassessora-amalia-cherchi-a-livorno-per-la-commemorazione-della-tragedia-avvenuta-24-anni-fa","status":"publish","type":"post","link":"https:\/\/www.cronacaonline.it\/index.php\/2015\/04\/10\/comune-di-sassari-ricorda-le-140-vittime-della-moby-prince-lassessora-amalia-cherchi-a-livorno-per-la-commemorazione-della-tragedia-avvenuta-24-anni-fa\/","title":{"rendered":"Comune di Sassari ricorda le 140 vittime della Moby Prince: l&#8217;assessora Amalia Cherchi a Livorno per la commemorazione della tragedia avvenuta 24 anni fa."},"content":{"rendered":"<p>Ci sar\u00e0 anche la citt\u00e0 di Sassari a Livorno alla commemorazione della tragedia del traghetto Moby Prince, in cui ventiquattro anni fa morirono 140 persone. A rappresentare l'amministrazione comunale sar\u00e0 l'assessora al Bilancio e patrimonio Amalia Cherchi che oggi, alle 15,30 nella sala consiliare del Palazzo comunale di Livorno, parteciper\u00e0 alla giornata \u201cPer non dimenticare\u201d, organizzata dall'associazione 140 e dal Comune di Livorno con la collaborazione della Regione Toscana e della Provincia di Livorno in occasione dell'anniversario.<\/p>\n<p>Nel palazzo del municipio di Livorno, il sindaco Filippo Nogarin incontrer\u00e0 le autorit\u00e0 e i familiari delle vittime, quindi alle 17 prender\u00e0 il via il corteo che, da piazza del Municipio, arriver\u00e0 sino al porto, dove sar\u00e0 deposto un cuscino di rose, una corona d'alloro e saranno letti i nomi delle vittime.<\/p>\n","protected":false},"excerpt":{"rendered":"<p>Ci sar\u00e0 anche la citt\u00e0 di Sassari a Livorno alla commemorazione della tragedia del traghetto Moby Prince, in cui ventiquattro anni fa morirono 140 persone.&#8230;<\/p>\n","protected":false},"author":2,"featured_media":0,"comment_status":"closed","ping_status":"closed","sticky":false,"template":"","format":"standard","meta":[],"categories":[49],"tags":[],"_links":{"self":[{"href":"https:\/\/www.cronacaonline.it\/index.php\/wp-json\/wp\/v2\/posts\/113658"}],"collection":[{"href":"https:\/\/www.cronacaonline.it\/index.php\/wp-json\/wp\/v2\/posts"}],"about":[{"href":"https:\/\/www.cronacaonline.it\/index.php\/wp-json\/wp\/v2\/types\/post"}],"author":[{"embeddable":true,"href":"https:\/\/www.cronacaonline.it\/index.php\/wp-json\/wp\/v2\/users\/2"}],"replies":[{"embeddable":true,"href":"https:\/\/www.cronacaonline.it\/index.php\/wp-json\/wp\/v2\/comments?post=113658"}],"version-history":[{"count":0,"href":"https:\/\/www.cronacaonline.it\/index.php\/wp-json\/wp\/v2\/posts\/113658\/revisions"}],"wp:attachment":[{"href":"https:\/\/www.cronacaonline.it\/index.php\/wp-json\/wp\/v2\/media?parent=113658"}],"wp:term":[{"taxonomy":"category","embeddable":true,"href":"https:\/\/www.cronacaonline.it\/index.php\/wp-json\/wp\/v2\/categories?post=113658"},{"taxonomy":"post_tag","embeddable":true,"href":"https:\/\/www.cronacaonline.it\/index.php\/wp-json\/wp\/v2\/tags?post=113658"}],"curies":[{"name":"wp","href":"https:\/\/api.w.org\/{rel}","templated":true}]}}