{"id":113635,"date":"2015-04-13T17:20:51","date_gmt":"2015-04-13T16:20:51","guid":{"rendered":"http:\/\/www.cronacaonline.it\/public\/content\/index.php\/13\/04\/2015\/al-via-la-programmazione-territoriale-obiettivo-lavoro-contro-lo-spopolamento-pigliaru-ragioniamo-con-i-territori-per-promuovere-lo-sviluppo"},"modified":"2015-04-13T17:20:51","modified_gmt":"2015-04-13T16:20:51","slug":"al-via-la-programmazione-territoriale-obiettivo-lavoro-contro-lo-spopolamento-pigliaru-ragioniamo-con-i-territori-per-promuovere-lo-sviluppo","status":"publish","type":"post","link":"https:\/\/www.cronacaonline.it\/index.php\/2015\/04\/13\/al-via-la-programmazione-territoriale-obiettivo-lavoro-contro-lo-spopolamento-pigliaru-ragioniamo-con-i-territori-per-promuovere-lo-sviluppo\/","title":{"rendered":"Al via la programmazione territoriale, obiettivo lavoro contro lo spopolamento. Pigliaru: ragioniamo con i territori per promuovere lo sviluppo"},"content":{"rendered":"<p>Gli obiettivi sono rilanciare i territori, combattere lo spopolamento delle zone interne e favorire lo sviluppo dell'intera Sardegna puntando sulle vocazioni locali: la nuova programmazione territoriale parte ufficialmente oggi con l'avviso della manifestazione d'interesse, presentata in conferenza stampa dal presidente della Regione Francesco Pigliaru, dagli assessori della Programmazione e del Bilancio Raffaele Paci e degli Enti Locali Cristiano Erriu e dai presidenti di Anci Pier Sandro Scano e Cal Giuseppe Casti.<\/p>\n<p>L'avviso pubblico attua la strategia regionale della Programmazione territoriale prevista nel Programma regionale di sviluppo 2014-2019: i Comuni, che dovranno associarsi in Unioni di Comuni - a loro volta anche associate fra loro - devono presentare i loro progetti. A disposizione, fra fondi europei infrastrutture, fondi nazionali e mutuo ci sono circa 4 miliardi di euro, e ogni Comune in forma associata non pu\u00f2 partecipare a pi\u00f9 di un progetto territoriale.<\/p>\n<p>\"Il modo per diffondere lo sviluppo \u00e8 quello di ragionare insieme sulle possibilit\u00e0 che ogni territorio ha e, insieme, decidere su cosa scommettere, programmando il lavoro di tutti in quella direzione\", dice il presidente della Regione Francesco Pigliaru. \"Dove esistono opportunit\u00e0 di sviluppo e di lavoro \u00e8 molto pi\u00f9 semplice mantenere i servizi e, di conseguenza, combattere lo spopolamento di cui soffrono le aree interne. Il nostro compito \u00e8, prima, dare un indirizzo, perch\u00e9 senza un\u2019idea di sviluppo generale della regione ogni progetto resta isolato; poi, dialogando con i territori, dobbiamo lavorare sui dettagli. Dobbiamo essere consapevoli che lo sviluppo passa per le Unioni di Comuni che devono individuare strategie comuni: per raggiungere l\u2019obiettivo gli interlocutori devono essere i territori\".<\/p>\n<p>L'assessore Paci sottolinea che per la nuova programmazione territoriale sono stati fissati un orizzonte temporale molto ampio che si protrae per tutta la legislatura e una procedura aperta per consentire a tutti i territori di organizzarsi e presentare il proprio progetto. \"Questo perch\u00e9 se un'Unione di Comuni non \u00e8 pronta oggi, ha ancora molto tempo a disposizione. \u00c8 importante che ci sia una forte visione di coerenza fra i progetti del territorio e la l'azione di questa giunta basata su una visione forte di politica anti-spopolamento che punta sugli attrattori culturali, naturali, turistici dei singoli territori. Abbiamo lanciato l'idea della programmazione unitaria - conclude il vicepresidente della Regione - Adesso diamo valenza territoriale alla programmazione\". L'assessore Erriu ricorda che \"siamo in fase di riforma degli enti locali, una riforma che punta a costruire un nuovo assetto istituzionale\", all'interno del quale si colloca appunto la nuova programmazione territoriale. \"Stiamo costruendo una dimensione del tutto nuova, molto stimolante: i Comuni sono il vero motore dello sviluppo e i protagonisti del cambiamento\".<\/p>\n<p>Oltre al via libera ufficiale alla programmazione territoriale, per Anci e Cal \u00e8 molto importante l'avvio di un diverso rapporto istituzionale fra Regione e Enti Locali. \"C'\u00e8 un ruolo nuovo rispetto al passato che si sta iniziando a costruire per i processi di programmazione fra amministrazione regionale e sistema degli enti locali - sottolinea Pier Sandro Scano - Finora gli Enti Locali erano&nbsp; parte dei progetti territoriali, ora c'\u00e8 qualcosa di nuovo, che passa da un confronto serio e importante. La programmazione territoriale richiede una governance molto ben organizzata, in parte le Unioni ci stanno gi\u00e0 lavorando ma serve la riforma.<\/p>\n<p>Utilizziamo l'autonomia speciale per potenziare Regione ed Enti locali e raggiungere risultati efficaci: la sfida da vincere - conclude Scano - \u00e8 che tutta la Sardegna dev'essere abitata\". Dunque, in questa nuova programmazione territoriale, la Regione \"fa da cornice - spiega il presidente del Cal Giuseppe Casti - ma dice ai territori: fate progetti, non potete sempre lamentarvi, mettetevi insieme e fate proposte mai pi\u00f9 scollegate dal territorio. Ecco questa \u00e8 la sfida da vincere: individuare le vocazioni dei territori, presentare progetti che le incarnino e avviare il rilancio dell'intera Sardegna\". Una sfida che non \u00e8 una gara fra territori, precisa il direttore del Crp Gianluca Cadeddu: \"Non stiamo attuando una procedura competitiva, stiamo dicendo ai territori che di qui al 2018 possono presentare il loro progetto di sviluppo\". <\/p>\n","protected":false},"excerpt":{"rendered":"<p>Gli obiettivi sono rilanciare i territori, combattere lo spopolamento delle zone interne e favorire lo sviluppo dell&#8217;intera Sardegna puntando sulle vocazioni locali: la nuova programmazione&#8230;<\/p>\n","protected":false},"author":2,"featured_media":0,"comment_status":"closed","ping_status":"closed","sticky":false,"template":"","format":"standard","meta":[],"categories":[49],"tags":[],"_links":{"self":[{"href":"https:\/\/www.cronacaonline.it\/index.php\/wp-json\/wp\/v2\/posts\/113635"}],"collection":[{"href":"https:\/\/www.cronacaonline.it\/index.php\/wp-json\/wp\/v2\/posts"}],"about":[{"href":"https:\/\/www.cronacaonline.it\/index.php\/wp-json\/wp\/v2\/types\/post"}],"author":[{"embeddable":true,"href":"https:\/\/www.cronacaonline.it\/index.php\/wp-json\/wp\/v2\/users\/2"}],"replies":[{"embeddable":true,"href":"https:\/\/www.cronacaonline.it\/index.php\/wp-json\/wp\/v2\/comments?post=113635"}],"version-history":[{"count":0,"href":"https:\/\/www.cronacaonline.it\/index.php\/wp-json\/wp\/v2\/posts\/113635\/revisions"}],"wp:attachment":[{"href":"https:\/\/www.cronacaonline.it\/index.php\/wp-json\/wp\/v2\/media?parent=113635"}],"wp:term":[{"taxonomy":"category","embeddable":true,"href":"https:\/\/www.cronacaonline.it\/index.php\/wp-json\/wp\/v2\/categories?post=113635"},{"taxonomy":"post_tag","embeddable":true,"href":"https:\/\/www.cronacaonline.it\/index.php\/wp-json\/wp\/v2\/tags?post=113635"}],"curies":[{"name":"wp","href":"https:\/\/api.w.org\/{rel}","templated":true}]}}