{"id":113634,"date":"2015-04-13T17:20:51","date_gmt":"2015-04-13T16:20:51","guid":{"rendered":"http:\/\/www.cronacaonline.it\/public\/content\/index.php\/13\/04\/2015\/sanita-arru-lavoriamo-a-un-nuovo-modello-di-emergenza-urgenza-esperti-usa-medici-infermieri-e-dirigenti-aziende-sanitarie-a-confronto-a-nuoro"},"modified":"2015-04-13T17:20:51","modified_gmt":"2015-04-13T16:20:51","slug":"sanita-arru-lavoriamo-a-un-nuovo-modello-di-emergenza-urgenza-esperti-usa-medici-infermieri-e-dirigenti-aziende-sanitarie-a-confronto-a-nuoro","status":"publish","type":"post","link":"https:\/\/www.cronacaonline.it\/index.php\/2015\/04\/13\/sanita-arru-lavoriamo-a-un-nuovo-modello-di-emergenza-urgenza-esperti-usa-medici-infermieri-e-dirigenti-aziende-sanitarie-a-confronto-a-nuoro\/","title":{"rendered":"Sanit\u00e0: Arru, \u201clavoriamo a un nuovo modello di emergenza-urgenza\u201d. Esperti usa, medici, infermieri e dirigenti aziende sanitarie a confronto a Nuoro"},"content":{"rendered":"<p>Meno file nei pronto soccorso e interventi in ambulanza e in ospedale garantiti da professionisti specializzati nella medicina dell'emergenza-urgenza. Anche questo \u00e8 il futuro della sanit\u00e0 in Sardegna. Un obiettivo ambizioso, ma a portata di mano, sul quale la Regione sta lavorando dall'insediamento della Giunta Pigliaru.<\/p>\n<p>Il tema \u00e8 stato discusso e approfondito a Nuoro, nella sede dell\u2019Ailun, su iniziativa dell\u2019assessorato della Sanit\u00e0 in collaborazione con la stessa Ailun e Simannu, il Centro di simulazione medica di Nuoro. Oltre agli assessori Luigi Arru e Virginia Mura, titolare del Lavoro, erano presenti il presidente del Consiglio Regionale, Gianfranco Ganau, i direttori generali dei due assessorati, i commissari e i direttori sanitari delle Aziende, i rappresentanti delle due Universit\u00e0 isolane, i vertici dell\u2019Ordine dei Medici, i Presidenti dei Collegi Provinciali Ipasvi, i componenti del Comitato Sanitario Emergenza-Urgenza. I principali attori del sistema dell\u2019emergenza-urgenza regionale hanno avuto un\u2019opportunit\u00e0 unica di confronto con tre autorevoli medici statunitensi esperti del settore provenienti dalla prestigiosa Harvard Medical School di Boston: Kevin Ban, Jonathan Edlow e Matt Babineau.<\/p>\n<p>Il rinnovamento della sanit\u00e0 in Sardegna passa anche attraverso il nuovo modello di gestione del settore dell\u2019emergenza-urgenza. \u00c8 uno degli obiettivi strategici della Regione che punta a modificare, con l\u2019aiuto dei finanziamenti del Fondo Sociale Europeo, e nel pi\u00f9 breve tempo possibile, l\u2019assetto della medicina d\u2019urgenza. \u201cLa nascita dell\u2019Ares, l\u2019Azienda regionale per l\u2019emergenza-urgenza in Sardegna \u2013 ha detto l\u2019assessore Arru \u2013 \u00e8 solo il primo passo verso una gestione pi\u00f9 omogenea e qualificata di tutti i soggetti interessati, dal sistema territoriale di soccorso al sistema ospedaliero. Tre sono i pilastri della nostra azione di cambiamento: cure territoriali, rete ospedaliera, emergenza-urgenza. Non c\u2019\u00e8 tempo da perdere \u2013 ha aggiunto \u2013 entro pochi mesi dovremo decidere quale percorso intraprendere. Siamo ancora nella fase dell'ascolto, stiamo raccogliendo i suggerimenti e le richieste. Vogliamo analizzare le criticit\u00e0 per capire come intervenire sull\u2019alta formazione dei medici e degli infermieri. Dobbiamo diffondere standard comuni per tutta la Sardegna, qualificare e riqualificare il personale in servizio presso il sistema di emergenza.<\/p>\n<p>ogliamo restituire al Servizio Sanitario Regionale professionisti altamente specializzati con competenze omogenee nel rispetto dei pi\u00f9 avanzati standard internazionali\u201d. La Regione guarda con attenzione allo schema applicato dal 2003 in Toscana dove, grazie alla partnership innovativa con i centri specializzati di Boston, \u00e8 stato \u201cimportato\u201d un modello che sta dando ottimi risultati.<\/p>\n<p>Il progetto formativo di riqualificazione e certificazione delle competenze, attraverso la \u201cformazione dei formatori\u201d, \u00e8 un esempio unico in Italia. \u201c\u00c8 replicabile anche in Sardegna \u2013 ha sottolineato l\u2019assessore Arru \u2013 purch\u00e9 si tenga conto delle peculiarit\u00e0 del nostro territorio e si valorizzi quanto di buono gi\u00e0 \u00e8 stato fatto in questi ultimi anni\u201d. L\u2019intervento finanziario \u00e8 assicurato dalle risorse a valere sul Fondo Sociale Europeo 2014-2020.<\/p>\n<p>\u201cI fondi ci sono \u2013 ha detto l\u2019assessore del Lavoro, Virginia Mura \u2013 adesso occorre programmare in tempi rapidi. Questo incontro conferma che la collaborazione tra assessorati pu\u00f2 e deve dare risultati importanti. Nello specifico, i percorsi formativi di eccellenza e l\u2019alta qualificazione dei dipendenti della sanit\u00e0 pubblica rientrano negli obiettivi del Programma FSE\u201d. L\u2019assessore Mura ha quindi sottolineato che \u201caver organizzato a Nuoro questa prima serie di incontri \u00e8 l\u2019ennesimo segnale di attenzione che la Giunta rivolge nei confronti del territorio nuorese e della sua popolazione\u201d.<\/p>\n<p>Al termine della tavola rotonda, infine, i partecipanti hanno visitato il Simannu, Centro di simulazione medica che opera nel campo dell\u2019alta formazione e dispone di attrezzature all\u2019avanguardia per ogni tipo di esercitazione medica, dalle emergenze di primo soccorso agli interventi in sala operatoria.<\/p>\n","protected":false},"excerpt":{"rendered":"<p>Meno file nei pronto soccorso e interventi in ambulanza e in ospedale garantiti da professionisti specializzati nella medicina dell&#8217;emergenza-urgenza. Anche questo \u00e8 il futuro della&#8230;<\/p>\n","protected":false},"author":2,"featured_media":0,"comment_status":"closed","ping_status":"closed","sticky":false,"template":"","format":"standard","meta":[],"categories":[49],"tags":[],"_links":{"self":[{"href":"https:\/\/www.cronacaonline.it\/index.php\/wp-json\/wp\/v2\/posts\/113634"}],"collection":[{"href":"https:\/\/www.cronacaonline.it\/index.php\/wp-json\/wp\/v2\/posts"}],"about":[{"href":"https:\/\/www.cronacaonline.it\/index.php\/wp-json\/wp\/v2\/types\/post"}],"author":[{"embeddable":true,"href":"https:\/\/www.cronacaonline.it\/index.php\/wp-json\/wp\/v2\/users\/2"}],"replies":[{"embeddable":true,"href":"https:\/\/www.cronacaonline.it\/index.php\/wp-json\/wp\/v2\/comments?post=113634"}],"version-history":[{"count":0,"href":"https:\/\/www.cronacaonline.it\/index.php\/wp-json\/wp\/v2\/posts\/113634\/revisions"}],"wp:attachment":[{"href":"https:\/\/www.cronacaonline.it\/index.php\/wp-json\/wp\/v2\/media?parent=113634"}],"wp:term":[{"taxonomy":"category","embeddable":true,"href":"https:\/\/www.cronacaonline.it\/index.php\/wp-json\/wp\/v2\/categories?post=113634"},{"taxonomy":"post_tag","embeddable":true,"href":"https:\/\/www.cronacaonline.it\/index.php\/wp-json\/wp\/v2\/tags?post=113634"}],"curies":[{"name":"wp","href":"https:\/\/api.w.org\/{rel}","templated":true}]}}