{"id":113614,"date":"2015-04-14T17:20:51","date_gmt":"2015-04-14T16:20:51","guid":{"rendered":"http:\/\/www.cronacaonline.it\/public\/content\/index.php\/14\/04\/2015\/piano-sulcis-on-line-il-nuovo-rapporto-sullo-stato-di-avanzamento"},"modified":"2015-04-14T17:20:51","modified_gmt":"2015-04-14T16:20:51","slug":"piano-sulcis-on-line-il-nuovo-rapporto-sullo-stato-di-avanzamento","status":"publish","type":"post","link":"https:\/\/www.cronacaonline.it\/index.php\/2015\/04\/14\/piano-sulcis-on-line-il-nuovo-rapporto-sullo-stato-di-avanzamento\/","title":{"rendered":"Piano Sulcis, on line il nuovo rapporto sullo stato di avanzamento"},"content":{"rendered":"<p>Passi in avanti nella realizzazione del Piano Straordinario per il Sulcis. Il Coordinamento per l\u2019attuazione ha pubblicato un ampio rapporto sullo stato di avanzamento al 31 marzo scorso. Il rapporto aggiorna le quello del gennaio 2015 ed \u00e8 gi\u00e0 reperibile nel sito della Regione alla voce Piano Sulcis (<a href=\"http:\/\/www.regione.sardegna.it\/pianosulcis\/piano\/\">www.regione.sardegna.it\/pianosulcis\/piano\/<\/a>). Ecco nel dettaglio le novit\u00e0.<\/p>\n<p>Fisco per le piccole e medie imprese - La Zona Franca Urbana opera ormai a pieno regime. Cresce il numero di imprese che fruiscono dei benefici fiscali e contributivi. L'ultimo rilevamento (gennaio 2015) segnala che, a sei mesi dall'applicazione, quasi tremila imprese hanno fruito dell\u2019agevolazione (+14% rispetto al precedente trimestre). Il totale delle risorse compensate \u00e8 di circa 18,7 milioni, pari al 14,97% delle risorse disponibili.<\/p>\n<p>Salvaguardia del tessuto produttivo e grandi Imprese - Il programma di riavvio degli impianti di Eurallumina fa registrare importanti progressi con investimenti di ammodernamento. Buone notizie anche sul fronte del progetto bioetanolo (Mossi &amp; Ghisolfi) incluso dal Governo fra quelli eleggibili per il FEIS. \u00c8stata definita, infatti, una posizione condivisa dalle amministrazioni locali e dal sindacato. La bozza di Accordo di programma sull\u2019investimento \u00e8 stata sottoposta all\u2019esame della Presidenza e degli assessori regionali di competenza. Insieme all'accordo di programma dovranno essere predisposti anche i protocolli d\u2019intesa richiesti dai sindacati, a garanzia degli impegni, tra le istituzioni, l\u2019azienda, i sindacati e le associazioni imprenditoriali agricole e industriali. Sul fronte Alcoa, dopo la sottoscrizione del Memorandum fra Governo, Regione e Glencore, ci sono stati positivi sviluppi nella trattativa fra Glencore e Alcoa per il trasferimento della propriet\u00e0 dello stabilimento e per il riavvio della produzione. Il MISE ha in corso l\u2019adozione del nuovo regime del servizio di interrompibilit\u00e0 per l\u2019energia elettrica. Nell'ultima Conferenza dei servizi, intanto, \u00e8 stato discusso e valutato positivamente il Piano Operativo di Bonifica dei suoli dello stabilimento, predisposto da ALCOA. Il Consiglio Comunale di Portoscuso ne ha preso atto e sta per essere definito il programma per la bonifica della falda sotterranea. Per quanto riguarda la Portal, invece, l\u2019imprenditore ha presentato di recente una nuova proposta d\u2019investimento basata sulla realizzazione di un nuovo impianto di laminazione in un'area attigua allo stabilimento attuale.<\/p>\n<p>Bando di idee per il Sulcis - Con la delibera Cipe del 20 febbraio scorso, \u00e8 stata approvata l\u2019assegnazione definitiva di 127,7 milioni assegnati in via programmatica da una precedente delibera CIPE. Di questi, 55,7 milioni finanzieranno interventi in aree prioritarie definite a seguito della Call for Sulcis.<\/p>\n<p>Itinerari turistici - Il progetto di itinerario minerario-religioso \u201cCammino di Santa Barbara\u201d ha l\u2019obiettivo di rendere fruibile un percorso di circa 400 chilometri nella realt\u00e0 storica dei territori minerari. Il progetto \u00e8 in parte gi\u00e0 concluso. Sta per essere definito un Accordo di programma per la realizzazione e la gestione dell\u2019itinerario.<\/p>\n<p>Strade e bacini idrici - La Giunta ha approvato la rimodulazione degli interventi sulle strade e i relativi soggetti attuatori. L\u2019impegno dell\u2019assessorato dei Lavori Pubblici \u00e8 di aprire i cantieri entro la fine del 2015. Va avanti anche il programma \u201cInterconnessioni sistemi idrici\u201d. L'Enas sta procedendo con la stesura dello studio di fattibilit\u00e0 la cui consegna \u00e8 prevista per questo mese. Seguir\u00e0, una volta approvato dalla Regione, il progetto preliminare avanzato che condurr\u00e0 al bando per il progetto definitivo e la realizzazione delle opere, per le quali la Giunta dovr\u00e0 reperire le risorse finanziarie necessarie. Com<\/p>\n","protected":false},"excerpt":{"rendered":"<p>Passi in avanti nella realizzazione del Piano Straordinario per il Sulcis. Il Coordinamento per l\u2019attuazione ha pubblicato un ampio rapporto sullo stato di avanzamento al&#8230;<\/p>\n","protected":false},"author":2,"featured_media":0,"comment_status":"closed","ping_status":"closed","sticky":false,"template":"","format":"standard","meta":[],"categories":[49],"tags":[],"_links":{"self":[{"href":"https:\/\/www.cronacaonline.it\/index.php\/wp-json\/wp\/v2\/posts\/113614"}],"collection":[{"href":"https:\/\/www.cronacaonline.it\/index.php\/wp-json\/wp\/v2\/posts"}],"about":[{"href":"https:\/\/www.cronacaonline.it\/index.php\/wp-json\/wp\/v2\/types\/post"}],"author":[{"embeddable":true,"href":"https:\/\/www.cronacaonline.it\/index.php\/wp-json\/wp\/v2\/users\/2"}],"replies":[{"embeddable":true,"href":"https:\/\/www.cronacaonline.it\/index.php\/wp-json\/wp\/v2\/comments?post=113614"}],"version-history":[{"count":0,"href":"https:\/\/www.cronacaonline.it\/index.php\/wp-json\/wp\/v2\/posts\/113614\/revisions"}],"wp:attachment":[{"href":"https:\/\/www.cronacaonline.it\/index.php\/wp-json\/wp\/v2\/media?parent=113614"}],"wp:term":[{"taxonomy":"category","embeddable":true,"href":"https:\/\/www.cronacaonline.it\/index.php\/wp-json\/wp\/v2\/categories?post=113614"},{"taxonomy":"post_tag","embeddable":true,"href":"https:\/\/www.cronacaonline.it\/index.php\/wp-json\/wp\/v2\/tags?post=113614"}],"curies":[{"name":"wp","href":"https:\/\/api.w.org\/{rel}","templated":true}]}}