{"id":113574,"date":"2015-04-17T17:20:51","date_gmt":"2015-04-17T16:20:51","guid":{"rendered":"http:\/\/www.cronacaonline.it\/public\/content\/index.php\/17\/04\/2015\/entro-il-4-maggio-obbligo-di-presentazione-del-certificato-medico-per-i-detentori-di-armi"},"modified":"2015-04-17T17:20:51","modified_gmt":"2015-04-17T16:20:51","slug":"entro-il-4-maggio-obbligo-di-presentazione-del-certificato-medico-per-i-detentori-di-armi-2","status":"publish","type":"post","link":"https:\/\/www.cronacaonline.it\/index.php\/2015\/04\/17\/entro-il-4-maggio-obbligo-di-presentazione-del-certificato-medico-per-i-detentori-di-armi-2\/","title":{"rendered":"Entro il 4 maggio obbligo di presentazione del certificato medico per i detentori di armi."},"content":{"rendered":"<p>Entro il 4 maggio prossimo, tutti i soggetti autorizzati a detenere armi, dovranno produrre il certificato medico previsto dall\u2019art. 35 del Testo Unico delle Leggi di Pubblica Sicurezza.<\/p>\n<p>Il documento dovr\u00e0 essere rilasciato da un Ufficiale Sanitario, Medico Provinciale, Medico Militare abilitato o Medico della Polizia di Stato e deve attestare l\u2019assenza di malattie mentali o condizioni che determinano, anche se temporanee, una diminuzione della capacit\u00e0 d\u2019intendere e di volere.<\/p>\n<p>Il certificato, in corso di validit\u00e0, dovr\u00e0 essere presentato presso l\u2019Ufficio di Pubblica Sicurezza \u2013 Questura di Oristano o Stazione Carabinieri competente \u2013 dove l\u2019arma risulta denunciata.<\/p>\n<p>In caso di inadempienza dell\u2019obbligo, il Prefetto potr\u00e0 adottare il divieto di detenzione delle armi di cui all\u2019art. 39 del Testo Unico delle Leggi di Pubblica Sicurezza.<\/p>\n<p>Sono esenti, dal presentare la relativa certificazione medica, i titolari di porto d\u2019armi in corso di validit\u00e0 (in quanto gi\u00e0 soggetti alla presentazione della certificazione medica di idoneit\u00e0 psicofisica), e coloro che, per l\u2019ottenimento di altri titoli abilitanti alla detenzione di armi, abbiano prodotto il certificato di idoneit\u00e0 psicofisica nei 6 anni antecedenti al 5 novembre 2013, data in cui \u00e8 entrato in vigore il suddetto Decreto Legislativo.<\/p>\n<p>Lo sportello dell\u2019Ufficio porto d\u2019armi della Questura di Oristano \u00e8 a disposizione per chiarimenti ed informazioni sulla materia, dal luned\u00ec al venerd\u00ec dalle ore 09.00 alle ore 13.00 (recapito telefonico 0783\/2142427-518).<\/p>\n","protected":false},"excerpt":{"rendered":"<p>Entro il 4 maggio prossimo, tutti i soggetti autorizzati a detenere armi, dovranno produrre il certificato medico previsto dall\u2019art. 35 del Testo Unico delle Leggi&#8230;<\/p>\n","protected":false},"author":2,"featured_media":0,"comment_status":"closed","ping_status":"closed","sticky":false,"template":"","format":"standard","meta":[],"categories":[49],"tags":[],"_links":{"self":[{"href":"https:\/\/www.cronacaonline.it\/index.php\/wp-json\/wp\/v2\/posts\/113574"}],"collection":[{"href":"https:\/\/www.cronacaonline.it\/index.php\/wp-json\/wp\/v2\/posts"}],"about":[{"href":"https:\/\/www.cronacaonline.it\/index.php\/wp-json\/wp\/v2\/types\/post"}],"author":[{"embeddable":true,"href":"https:\/\/www.cronacaonline.it\/index.php\/wp-json\/wp\/v2\/users\/2"}],"replies":[{"embeddable":true,"href":"https:\/\/www.cronacaonline.it\/index.php\/wp-json\/wp\/v2\/comments?post=113574"}],"version-history":[{"count":0,"href":"https:\/\/www.cronacaonline.it\/index.php\/wp-json\/wp\/v2\/posts\/113574\/revisions"}],"wp:attachment":[{"href":"https:\/\/www.cronacaonline.it\/index.php\/wp-json\/wp\/v2\/media?parent=113574"}],"wp:term":[{"taxonomy":"category","embeddable":true,"href":"https:\/\/www.cronacaonline.it\/index.php\/wp-json\/wp\/v2\/categories?post=113574"},{"taxonomy":"post_tag","embeddable":true,"href":"https:\/\/www.cronacaonline.it\/index.php\/wp-json\/wp\/v2\/tags?post=113574"}],"curies":[{"name":"wp","href":"https:\/\/api.w.org\/{rel}","templated":true}]}}