{"id":113565,"date":"2015-04-18T17:20:51","date_gmt":"2015-04-18T16:20:51","guid":{"rendered":"http:\/\/www.cronacaonline.it\/public\/content\/index.php\/18\/04\/2015\/campo-nomadi-il-comune-di-sassari-punta-allintegrazione-sopralluogo-del-sindaco-nicola-sanna-e-dellassessora-grazia-manca-nellarea-vicino-piandanna"},"modified":"2015-04-18T17:20:51","modified_gmt":"2015-04-18T16:20:51","slug":"campo-nomadi-il-comune-di-sassari-punta-allintegrazione-sopralluogo-del-sindaco-nicola-sanna-e-dellassessora-grazia-manca-nellarea-vicino-piandanna","status":"publish","type":"post","link":"https:\/\/www.cronacaonline.it\/index.php\/2015\/04\/18\/campo-nomadi-il-comune-di-sassari-punta-allintegrazione-sopralluogo-del-sindaco-nicola-sanna-e-dellassessora-grazia-manca-nellarea-vicino-piandanna\/","title":{"rendered":"Campo nomadi, il Comune di Sassari punta all&#8217;integrazione: sopralluogo del sindaco Nicola Sanna e dell&#8217;assessora Grazia Manca nell&#8217;area vicino Piandanna."},"content":{"rendered":"<p>Un campo per due comunit\u00e0, separate da una recinzione che mette in luce due modalit\u00e0 differenti di gestione di un'area, sorta circa 20 anni fa, per ospitare i nomadi. \u00c8 quanto ha messo in evidenza il sopralluogo al campo sosta nomadi effettuato questa mattina dal sindaco di Sassari Nicola Sanna e dall'assessora ai Servizi sociali Grazia Manca. Il campo sorge a poca distanza da Piandanna e dal centro cittadino, con ingressi da viale Papa Giovanni Paolo II, la strada che conduce alla provinciale per Ittiri, e dalla strada vicinale San Lorenzo che lambisce la ferrovia che conduce ad Alghero.<\/p>\n<p>Il primo cittadino sassarese ha voluto effettuare una vista al campo per rendersi conto della situazione nella quale vivono, in tutto, quasi trenta nuclei familiari.<\/p>\n<p>Una prima zona, quella occupata dall'etnia bosniaca, circa 60 persone appartenenti a 10 famiglie, \u00e8 stata pi\u00f9 volte interessata da alcuni interventi di bonifica.<\/p>\n<p>L'altra zona, occupata da 20 famiglie di etnia serba per circa 100 persone tra adulti e bambini, particolarmente curata e ben gestita dagli stessi occupanti.<\/p>\n<p>\u00abSi dovr\u00e0 pensare a diverse ipotesi di lavoro \u2013 ha detto il primo cittadino \u2013 sulle quali abbiamo appena iniziato a ragionare e per le quali sar\u00e0 necessario trovare risorse dedicate\u00bb.<\/p>\n<p>Il Comune di Sassari, cos\u00ec come tutti comuni italiani, si trova davanti alla scadenza del 2016 quando, secondo la direttiva europea del 2000, non dovranno pi\u00f9 esserci campi sosta per nomadi. Si tratta infatti di strutture che \u2013 secondo l'Unione europea \u2013 limitano i diritti di chi li abita, isolandoli dal resto del mondo.<\/p>\n<p>Per questo motivo nei fondi strutturali, fondo europeo per lo sviluppo regionale e fondo sociale europeo, sono state previste risorse espressamente dedicate al superamento delle attuali condizioni di vista dei nomadi, cos\u00ec da garantire loro il diritto all'istruzione, a una vita civile e al superamento della loro condizione di apolidi.<\/p>\n<p>\u00abIl nostro obiettivo \u2013 ha aggiunto l'assessora Grazia Manca \u2013 \u00e8 quello di sfruttare appieno queste risorse, consentendo alle nuove generazioni l'inserimento all'interno della societ\u00e0 e condizioni di vita migliori\u00bb.<\/p>\n<p>La questione integrazione \u00e8 quindi tra le priorit\u00e0 dell'amministrazione comunale che punta al completamento della commissione comunale prevista dal Regolamento area sosta nomadi. Non appena sar\u00e0 nominato il rappresentante del consiglio comunale, saranno riuniti i vari rappresentanti delle etnie cos\u00ec da avviare un dialogo e ragionare su un progetto condiviso.<br \/>Al sopralluogo, il primo cittadino e l'assessora sono stati accompagnati dal dirigente del Settore Servizi sociali, Mario Mura, e dal funzionario del servizio territoriale Salvatore Pasca. Red<\/p>\n","protected":false},"excerpt":{"rendered":"<p>Un campo per due comunit\u00e0, separate da una recinzione che mette in luce due modalit\u00e0 differenti di gestione di un&#8217;area, sorta circa 20 anni fa,&#8230;<\/p>\n","protected":false},"author":2,"featured_media":0,"comment_status":"closed","ping_status":"closed","sticky":false,"template":"","format":"standard","meta":[],"categories":[49],"tags":[],"_links":{"self":[{"href":"https:\/\/www.cronacaonline.it\/index.php\/wp-json\/wp\/v2\/posts\/113565"}],"collection":[{"href":"https:\/\/www.cronacaonline.it\/index.php\/wp-json\/wp\/v2\/posts"}],"about":[{"href":"https:\/\/www.cronacaonline.it\/index.php\/wp-json\/wp\/v2\/types\/post"}],"author":[{"embeddable":true,"href":"https:\/\/www.cronacaonline.it\/index.php\/wp-json\/wp\/v2\/users\/2"}],"replies":[{"embeddable":true,"href":"https:\/\/www.cronacaonline.it\/index.php\/wp-json\/wp\/v2\/comments?post=113565"}],"version-history":[{"count":0,"href":"https:\/\/www.cronacaonline.it\/index.php\/wp-json\/wp\/v2\/posts\/113565\/revisions"}],"wp:attachment":[{"href":"https:\/\/www.cronacaonline.it\/index.php\/wp-json\/wp\/v2\/media?parent=113565"}],"wp:term":[{"taxonomy":"category","embeddable":true,"href":"https:\/\/www.cronacaonline.it\/index.php\/wp-json\/wp\/v2\/categories?post=113565"},{"taxonomy":"post_tag","embeddable":true,"href":"https:\/\/www.cronacaonline.it\/index.php\/wp-json\/wp\/v2\/tags?post=113565"}],"curies":[{"name":"wp","href":"https:\/\/api.w.org\/{rel}","templated":true}]}}