{"id":113563,"date":"2015-04-18T17:20:51","date_gmt":"2015-04-18T16:20:51","guid":{"rendered":"http:\/\/www.cronacaonline.it\/public\/content\/index.php\/18\/04\/2015\/dichiarazione-di-attilio-dedoni---anas-basta-inerzie-conniventi-regionalizzare-subito-la-rete-stradale"},"modified":"2015-04-18T17:20:51","modified_gmt":"2015-04-18T16:20:51","slug":"dichiarazione-di-attilio-dedoni-anas-basta-inerzie-conniventi-regionalizzare-subito-la-rete-stradale","status":"publish","type":"post","link":"https:\/\/www.cronacaonline.it\/index.php\/2015\/04\/18\/dichiarazione-di-attilio-dedoni-anas-basta-inerzie-conniventi-regionalizzare-subito-la-rete-stradale\/","title":{"rendered":"Dichiarazione di Attilio Dedoni &#8211; Anas, basta inerzie conniventi: regionalizzare subito la rete stradale"},"content":{"rendered":"<p>\u201cE\u2019 ora che il centrosinistra, ed in particolare la sua parte che con varie gradazioni si definisce autonomista, sovranista, sardista o persino indipendentista, metta fine all\u2019inerzia connivente con cui finora ha accuratamente evitato di affrontare il problema dei disservizi causati dall\u2019Anas alla rete stradale sarda e faccia l\u2019unico atto concreto che ci si aspetta dalla Regione per risolvere una volta per tutte una situazione che si trascina da decenni: approvare una legge regionale che dia il benservito all\u2019Anas e metta la rete stradale sarda sotto la competenza diretta della Regione\u201d, dichiara il capogruppo dei Riformatori Sardi \u2013 Liberaldemocratici in Consiglio regionale, Attilio Dedoni.<\/p>\n<p>\u201cDopo le prime azioni di facciata che la giunta Pigliaru ha fatto finta di mettere in campo, le cose sono persino peggiorate\u201d, sottolinea Dedoni. \u201cIl disastro della Nuova 554 \u00e8 noto a tutti. La 131 \u00e8 un unico cantiere, come e pi\u00f9 di prima. La 130 e la 195 versano in condizioni pietose. La Sassari-Alghero \u00e8 ferma e per la Sassari-Olbia si \u00e8 riusciti a scaricare sul pollame locale la responsabilit\u00e0 del blocco dei lavori. In tutto questo, ci ritroviamo con una maggioranza che conta una dozzina di partiti che si autodefiniscono autonomisti, eppure nessuno sembra avere il coraggio di affrontare seriamente il problema. Quali interessi occulti si celano dietro questo tirarsi indietro, fare finta di niente, lavarsene le mani? Il giochetto delle mozioni che non impegnano nessuno lascia il tempo che trova e non si pu\u00f2 pensare che bastino le dimissioni di Ciucci a far sparire gli inciuci che continuano a essere perpetrati a danno dei sardi con il benestare della politica\u201d.<\/p>\n<p>\u201cA pi\u00f9 di un anno dalle elezioni regionali, \u00e8 ora che la coalizione meno autonomista da cui la Sardegna \u00e8 mai stata governata abbia un sussulto di orgoglio e si decida a dare lo sfratto a chi sta affossando la nostra economia\u201d, conclude il capogruppo. \u201cServe approvare una legge e serve farlo con la massima urgenza, perch\u00e9 la situazione non \u00e8 pi\u00f9 tollerabile. La gestione della rete stradale sarda deve passare alla Regione, che deve rivendicare dallo Stato le risorse necessarie, quelle che oggi l\u2019Anas si mangia invece di investirle per portare la rete viaria a livelli degni di un paese civile. Noi Riformatori siamo disponibili a collaborare con la maggioranza, a condizione che finalmente si faccia qualcosa di autonomista e si liberi la Sardegna dal giogo degli intrallazzi di cui \u00e8 vittima\u201d. Com<\/p>\n","protected":false},"excerpt":{"rendered":"<p>\u201cE\u2019 ora che il centrosinistra, ed in particolare la sua parte che con varie gradazioni si definisce autonomista, sovranista, sardista o persino indipendentista, metta fine&#8230;<\/p>\n","protected":false},"author":2,"featured_media":0,"comment_status":"closed","ping_status":"closed","sticky":false,"template":"","format":"standard","meta":[],"categories":[49],"tags":[],"_links":{"self":[{"href":"https:\/\/www.cronacaonline.it\/index.php\/wp-json\/wp\/v2\/posts\/113563"}],"collection":[{"href":"https:\/\/www.cronacaonline.it\/index.php\/wp-json\/wp\/v2\/posts"}],"about":[{"href":"https:\/\/www.cronacaonline.it\/index.php\/wp-json\/wp\/v2\/types\/post"}],"author":[{"embeddable":true,"href":"https:\/\/www.cronacaonline.it\/index.php\/wp-json\/wp\/v2\/users\/2"}],"replies":[{"embeddable":true,"href":"https:\/\/www.cronacaonline.it\/index.php\/wp-json\/wp\/v2\/comments?post=113563"}],"version-history":[{"count":0,"href":"https:\/\/www.cronacaonline.it\/index.php\/wp-json\/wp\/v2\/posts\/113563\/revisions"}],"wp:attachment":[{"href":"https:\/\/www.cronacaonline.it\/index.php\/wp-json\/wp\/v2\/media?parent=113563"}],"wp:term":[{"taxonomy":"category","embeddable":true,"href":"https:\/\/www.cronacaonline.it\/index.php\/wp-json\/wp\/v2\/categories?post=113563"},{"taxonomy":"post_tag","embeddable":true,"href":"https:\/\/www.cronacaonline.it\/index.php\/wp-json\/wp\/v2\/tags?post=113563"}],"curies":[{"name":"wp","href":"https:\/\/api.w.org\/{rel}","templated":true}]}}