{"id":113558,"date":"2015-04-18T17:20:51","date_gmt":"2015-04-18T16:20:51","guid":{"rendered":"http:\/\/www.cronacaonline.it\/public\/content\/index.php\/18\/04\/2015\/calcio-cagliari-irruzione-degli-ultra-zeman-ce-ovunque-una-frangia-che-si-dissocia-dal-tifo-sano"},"modified":"2015-04-18T17:20:51","modified_gmt":"2015-04-18T16:20:51","slug":"calcio-cagliari-irruzione-degli-ultra-zeman-ce-ovunque-una-frangia-che-si-dissocia-dal-tifo-sano","status":"publish","type":"post","link":"https:\/\/www.cronacaonline.it\/index.php\/2015\/04\/18\/calcio-cagliari-irruzione-degli-ultra-zeman-ce-ovunque-una-frangia-che-si-dissocia-dal-tifo-sano\/","title":{"rendered":"Calcio, Cagliari: Irruzione degli ultr\u00e0, Zeman: &#8220;c&#8217;\u00e8 ovunque una frangia che si dissocia dal tifo sano&#8221;"},"content":{"rendered":"<p>\"I miei li ho visti male, stavano male dopo quello che \u00e8 successo. Ma in tutti gli stadi c'\u00e8 una frangia che si dissocia dal tifo sano\".&nbsp; Cos\u00ec Zdenek Zeman commenta quanto \u00e8 successo ieri intorno alle 19 nel ritiro del Cagliari, dove degli ultr\u00e0 hanno fatto irruzione e minacciato e schiaffeggiato alcuni giocatori.<\/p>\n<p>\"Se avevo mai visto una cosa del genere in tanti anni di calcio? - dice ancora il boemo-, non so, simili episodi li ho visti ma si cercava sempre di poter risolvere anche se non \u00e8 facile. Continuo a dire che non c'\u00e8 confronto, devo dire 'bravo' alla mia squadra, non c'\u00e8 confronto se non si \u00e8 in due. Hanno fatto tutto loro, noi abbiamo subito, non credo per la paura ma per la pace\".<\/p>\n<p>\"I miei ci sono rimasti male, non \u00e8 facile eliminare certi episodi - aggiunge il tecnico cagliaritano -. Qualcuno \u00e8 rimasto un po' in stato di choc perch\u00e9 non tutti sono uguali, e ora sta al gruppo tirarsi fuori tutti insieme e passarci sopra\".<\/p>\n<p>\"I giocatori? -&nbsp; ha ribadito Zeman parlando in conferenza stampa -. Per qualcuno era la prima volta, logico che sia rimasto choccato. Sono brutte cose che ancora non si riescono a eliminare. Parlo anche di situazioni che si verificano non solo a Cagliari, ma anche in altre piazze\".&nbsp; <\/p>\n","protected":false},"excerpt":{"rendered":"<p>&#8220;I miei li ho visti male, stavano male dopo quello che \u00e8 successo. Ma in tutti gli stadi c&#8217;\u00e8 una frangia che si dissocia dal&#8230;<\/p>\n","protected":false},"author":2,"featured_media":0,"comment_status":"closed","ping_status":"closed","sticky":false,"template":"","format":"standard","meta":[],"categories":[49],"tags":[],"_links":{"self":[{"href":"https:\/\/www.cronacaonline.it\/index.php\/wp-json\/wp\/v2\/posts\/113558"}],"collection":[{"href":"https:\/\/www.cronacaonline.it\/index.php\/wp-json\/wp\/v2\/posts"}],"about":[{"href":"https:\/\/www.cronacaonline.it\/index.php\/wp-json\/wp\/v2\/types\/post"}],"author":[{"embeddable":true,"href":"https:\/\/www.cronacaonline.it\/index.php\/wp-json\/wp\/v2\/users\/2"}],"replies":[{"embeddable":true,"href":"https:\/\/www.cronacaonline.it\/index.php\/wp-json\/wp\/v2\/comments?post=113558"}],"version-history":[{"count":0,"href":"https:\/\/www.cronacaonline.it\/index.php\/wp-json\/wp\/v2\/posts\/113558\/revisions"}],"wp:attachment":[{"href":"https:\/\/www.cronacaonline.it\/index.php\/wp-json\/wp\/v2\/media?parent=113558"}],"wp:term":[{"taxonomy":"category","embeddable":true,"href":"https:\/\/www.cronacaonline.it\/index.php\/wp-json\/wp\/v2\/categories?post=113558"},{"taxonomy":"post_tag","embeddable":true,"href":"https:\/\/www.cronacaonline.it\/index.php\/wp-json\/wp\/v2\/tags?post=113558"}],"curies":[{"name":"wp","href":"https:\/\/api.w.org\/{rel}","templated":true}]}}