{"id":113556,"date":"2015-04-18T17:20:51","date_gmt":"2015-04-18T16:20:51","guid":{"rendered":"http:\/\/www.cronacaonline.it\/public\/content\/index.php\/18\/04\/2015\/abolizione-province-in-sardegna-michele-cossa-riformatori-le-riforme-per-ridurre-la-spesa-pubblica-e-le-tasse"},"modified":"2015-04-18T17:20:51","modified_gmt":"2015-04-18T16:20:51","slug":"abolizione-province-in-sardegna-michele-cossa-riformatori-le-riforme-per-ridurre-la-spesa-pubblica-e-le-tasse","status":"publish","type":"post","link":"https:\/\/www.cronacaonline.it\/index.php\/2015\/04\/18\/abolizione-province-in-sardegna-michele-cossa-riformatori-le-riforme-per-ridurre-la-spesa-pubblica-e-le-tasse\/","title":{"rendered":"Abolizione province in Sardegna, Michele Cossa (Riformatori): Le riforme per ridurre la spesa pubblica e le tasse"},"content":{"rendered":"<p>\"C'\u00e8 qualcuno che continua a ragionare come se i referendum sull'abolizione delle province non ci fossero stati. I reazionari si rassegnino: i sardi si sono espressi in modo inequivocabile. Per tagliare le tasse occorre ridurre la spesa pubblica: \u00e8 un tema al quale non si pu\u00f2 sfuggire\". Lo ha detto il coordinatore regionale dei Riformatori sardi, Michele Cossa, a margine del convegno dell'Associazione ex parlamentari sulle Riforme.<\/p>\n<p>\"Soprattutto - ha proseguito Cossa - non potr\u00e0 farlo la Sardegna, schiacciata pi\u00f9 delle tre aree del Paese dalla crisi economica e occupazionale.&nbsp; Non sono teoriche questioni di principio ma cose drammaticamente concrete: oggi l'alternativa \u00e8 tra il garantire servizi fondamentali come la sanit\u00e0 e il mantenere carrozzoni inutili come le province o certe agenzie regionali. Tra l'utilizzare l'autonomia speciale per favorire lavoro e sviluppo economico (che significa, tra l'altro, avere la capacit\u00e0 di fare scelte pi\u00f9 avanzate dello Stato) e l'arroccarsi su posizioni antistoriche e di retroguardia, com'\u00e8 accaduto con la recente legge sull'edilizia e come si vuol fare con le Province.<\/p>\n<p>Sono temi nodali per il futuro della Sardegna, quelli che fanno la differenza tra la ripartire e rassegnarsi ad un inarrestabile declino. Sappiano i gattopardi che su questo i sardi faranno la rivoluzione\". Red<\/p>\n","protected":false},"excerpt":{"rendered":"<p>&#8220;C&#8217;\u00e8 qualcuno che continua a ragionare come se i referendum sull&#8217;abolizione delle province non ci fossero stati. I reazionari si rassegnino: i sardi si sono&#8230;<\/p>\n","protected":false},"author":2,"featured_media":0,"comment_status":"closed","ping_status":"closed","sticky":false,"template":"","format":"standard","meta":[],"categories":[49],"tags":[],"_links":{"self":[{"href":"https:\/\/www.cronacaonline.it\/index.php\/wp-json\/wp\/v2\/posts\/113556"}],"collection":[{"href":"https:\/\/www.cronacaonline.it\/index.php\/wp-json\/wp\/v2\/posts"}],"about":[{"href":"https:\/\/www.cronacaonline.it\/index.php\/wp-json\/wp\/v2\/types\/post"}],"author":[{"embeddable":true,"href":"https:\/\/www.cronacaonline.it\/index.php\/wp-json\/wp\/v2\/users\/2"}],"replies":[{"embeddable":true,"href":"https:\/\/www.cronacaonline.it\/index.php\/wp-json\/wp\/v2\/comments?post=113556"}],"version-history":[{"count":0,"href":"https:\/\/www.cronacaonline.it\/index.php\/wp-json\/wp\/v2\/posts\/113556\/revisions"}],"wp:attachment":[{"href":"https:\/\/www.cronacaonline.it\/index.php\/wp-json\/wp\/v2\/media?parent=113556"}],"wp:term":[{"taxonomy":"category","embeddable":true,"href":"https:\/\/www.cronacaonline.it\/index.php\/wp-json\/wp\/v2\/categories?post=113556"},{"taxonomy":"post_tag","embeddable":true,"href":"https:\/\/www.cronacaonline.it\/index.php\/wp-json\/wp\/v2\/tags?post=113556"}],"curies":[{"name":"wp","href":"https:\/\/api.w.org\/{rel}","templated":true}]}}