{"id":113555,"date":"2015-04-18T17:20:51","date_gmt":"2015-04-18T16:20:51","guid":{"rendered":"http:\/\/www.cronacaonline.it\/public\/content\/index.php\/18\/04\/2015\/riforme-erriu-e-demuro-ormai-improrogabili-passaggio-fondamentale-verso-futuro-migliore-per-la-sardegna"},"modified":"2015-04-18T17:20:51","modified_gmt":"2015-04-18T16:20:51","slug":"riforme-erriu-e-demuro-ormai-improrogabili-passaggio-fondamentale-verso-futuro-migliore-per-la-sardegna","status":"publish","type":"post","link":"https:\/\/www.cronacaonline.it\/index.php\/2015\/04\/18\/riforme-erriu-e-demuro-ormai-improrogabili-passaggio-fondamentale-verso-futuro-migliore-per-la-sardegna\/","title":{"rendered":"Riforme, Erriu e Demuro: ormai improrogabili, passaggio fondamentale verso futuro migliore per la Sardegna"},"content":{"rendered":"<p>La Sardegna potr\u00e0 ambire a un futuro migliore con la partenza di un sistema delle autonomie locali pi\u00f9 organico e con quelle riforme istituzionali troppe volte annunciate e mai realizzate: al convegno \u201cIl destino della Sardegna al tempo delle riforme istituzionali\u201d, questo \u00e8 stato il filo conduttore degli interventi degli assessori degli Enti Locali Cristiano Erriu e degli Affari generali Gianmario Demuro.<\/p>\n<p>La tavola rotonda, organizzata dall'Associazione Ex parlamentari assieme alla Fondazione Banco di Sardegna, alla Cgil regionale e all\u2019Associazione Nazionale delle piccole e medie imprese edili, ha messo a confronto, proprio nei giorni in cui \u00e8 particolarmente animato il dibattito sulle riforme costituzionali volute dal governo di Matteo Renzi, sindacalisti, rappresentanti delle istituzioni locali e regionali, parlamentari, alla presenza del sottosegretario degli Affari regionali Gianclaudio Sbressa.<br \/>Per Cristiano Erriu, la riforma degli enti locali (che verr\u00e0 presto discussa dal Consiglio regionale dopo il proficuo confronto con l\u2019Anci) \u201cpone la Regione di fronte alla grande opportunit\u00e0 di costruire un nuovo ordinamento organico e sistematico, imperniato su una autentica sussidiariet\u00e0, che porr\u00e0 fine a quella lunga epoca di frammentazione e di incertezze sui compiti e le funzioni delle autonomie locali\u201d.<\/p>\n<p>Il tema \u00e8 legato sia alla riforma della macchina regionale, che ha compiuto i primi passi in questi mesi, ma anche al consolidamento del sistema delle Citt\u00e0 metropolitane individuato dalla riforma Delrio, che include anche la citt\u00e0 di Cagliari. \u201cDopo una lunga discussione, - ha puntualizzato l\u2019assessore degli Enti locali \u2013 si \u00e8 optato per un\u2019area metropolitana che non coprisse l\u2019intero territorio della Provincia capoluogo, come \u00e8 successo in alcune Regioni ordinarie, ma che individui servizi e fabbisogni secondo un modello di citt\u00e0 metropolitana ristretta, cio\u00e8 che riguarda una piccola parte di Comuni della Provincia\u201d. L\u2019esponente della Giunta ha ricordato anche che in Sardegna \u201cci sono altri due territori a vocazione metropolitana e con i giusti requisiti economici e sociali: Sassari e Olbia\u201d. L\u2019unico vero ostacolo al nuovo disegno delle autonomie locali \u00e8 legato al caos che in questo momento riguarda il futuro delle Province: \u201cSono una presenza ingombrante per qualsiasi ristrutturazione del sistema degli enti locali \u2013 ha avvisato Erriu \u2013 Qualora arrivasse l\u2019esito del ricorso alla Corte costituzionale sul commissariamento della Provincia di Cagliari prima dell\u2019approvazione della riforma degli enti locali, arriveremmo al paradosso di nuove elezioni provinciali: sarebbe il caos\u201d. L\u2019auspicio, ha concluso il responsabile degli Enti locali, \u201c\u00e8 che tutti i problemi, le difficolt\u00e0 e le contraddizioni connesse alla dismissione delle Province rimangano al primo posto dell\u2019agenda politica\u201d.<\/p>\n<p>Dal canto suo, Gianmario Demuro ha ricordato che la specialit\u00e0 della Sardegna e delle altre Regioni a Statuto speciale \u201cnon \u00e8 in pericolo: il presidente della Toscana Rossi si \u00e8 svegliato tardi, il testo della riforma costituzionale del governo la prevede\u201d. Ma, specialit\u00e0 o meno, il punto \u00e8 uno: \u201cdi riforme si \u00e8 parlato per 30 anni: \u00e8 arrivata l\u2019ora di farle, e in breve tempo\u201d. Demuro ha difeso il ruolo delle Regioni: \u201cOggi tanto discusse, sono state il diretto interlocutore dei cittadini nella tutela dei diritti sociali, soprattutto in campi di intervento primario come sanit\u00e0, lavoro e mobilit\u00e0\u201d, ha detto. \u201cDa questo non si pu\u00f2 tornare indietro e qualsiasi riforma, compresa quella costituzionale in discussione in queste settimane, deve essere finalizzata a una maggiore efficienza per la vita della comunit\u00e0\u201d. Per quanto riguarda la Sardegna, Demuro si \u00e8 detto concorde col presidente del Consiglio regionale Gianfranco Ganau, che in un intervento precedente aveva esortato a \u201ctenerci ben stretto lo Statuto\u201d.<\/p>\n<p>Per\u00f2 lo Statuto va reso pi\u00f9 efficace e per questo l\u2019assessore ha tracciato come obiettivo raggiungibile l\u2019approvazione delle leggi di riforma della Regione, tra cui la legge statutaria, di cui la Sardegna \u00e8 orfana fin dal 2009. Con un\u2019avvertenza: \u201cNel momento in cui noi interveniamo sulle leggi che regolano il nostro sistema politico e la macchina amministrativa e ci occupiamo, per esempio, di una cosa che si fa in tutta Europa come il controllo delle nomine dell\u2019esecutivo da parte dell\u2019assemblea legislativa o della riorganizzazione degli assessorati, che gi\u00e0 dal nome descrivono una Sardegna che non esiste pi\u00f9, quello che dobbiamo avere chiaro \u00e8 perch\u00e9 lo stiamo facendo\u201d, ha detto Gianmario Demuro. \u201cQualunque riforma \u2013ha detto il responsabile degli Affari generali - deve avere un\u2019anima e non consiste nel muovere meglio le pratiche ma nell\u2019avere un sistema efficiente nei campi di diretta responsabilit\u00e0 regionale come sanit\u00e0, trasporti, agricoltura\u201d. Un passaggio fondamentale riguarda per\u00f2 la legge elettorale: \u201cOggi fotografa ogni singola aree della Sardegna e questo radicamento territoriale, se da un lato pu\u00f2 essere un bene sotto il profilo della rappresentanza, dall\u2019altro rende pi\u00f9 difficile l\u2019unit\u00e0 del Consiglio. \u2013 ha spiegato Demuro \u2013 E poi va sanato un grosso vulnus: mancano ancora molte donne per arrivare alla met\u00e0 esatta del Consiglio regionale\u201d. L\u2019obiettivo di tutto il processo riformatore non \u201cdeve per\u00f2 perdere di vista la tutela dei diritti sociali, \u2013 ha insistito ancora l\u2019assessore - e abbiamo il dovere di fare le migliori riforme possibili per garantirli\u201d.<\/p>\n","protected":false},"excerpt":{"rendered":"<p>La Sardegna potr\u00e0 ambire a un futuro migliore con la partenza di un sistema delle autonomie locali pi\u00f9 organico e con quelle riforme istituzionali troppe&#8230;<\/p>\n","protected":false},"author":2,"featured_media":0,"comment_status":"closed","ping_status":"closed","sticky":false,"template":"","format":"standard","meta":[],"categories":[49],"tags":[],"_links":{"self":[{"href":"https:\/\/www.cronacaonline.it\/index.php\/wp-json\/wp\/v2\/posts\/113555"}],"collection":[{"href":"https:\/\/www.cronacaonline.it\/index.php\/wp-json\/wp\/v2\/posts"}],"about":[{"href":"https:\/\/www.cronacaonline.it\/index.php\/wp-json\/wp\/v2\/types\/post"}],"author":[{"embeddable":true,"href":"https:\/\/www.cronacaonline.it\/index.php\/wp-json\/wp\/v2\/users\/2"}],"replies":[{"embeddable":true,"href":"https:\/\/www.cronacaonline.it\/index.php\/wp-json\/wp\/v2\/comments?post=113555"}],"version-history":[{"count":0,"href":"https:\/\/www.cronacaonline.it\/index.php\/wp-json\/wp\/v2\/posts\/113555\/revisions"}],"wp:attachment":[{"href":"https:\/\/www.cronacaonline.it\/index.php\/wp-json\/wp\/v2\/media?parent=113555"}],"wp:term":[{"taxonomy":"category","embeddable":true,"href":"https:\/\/www.cronacaonline.it\/index.php\/wp-json\/wp\/v2\/categories?post=113555"},{"taxonomy":"post_tag","embeddable":true,"href":"https:\/\/www.cronacaonline.it\/index.php\/wp-json\/wp\/v2\/tags?post=113555"}],"curies":[{"name":"wp","href":"https:\/\/api.w.org\/{rel}","templated":true}]}}