{"id":113551,"date":"2015-04-20T17:20:51","date_gmt":"2015-04-20T16:20:51","guid":{"rendered":"http:\/\/www.cronacaonline.it\/public\/content\/index.php\/20\/04\/2015\/inps-a-porte-aperte-focus-sul-fondo-telefonici"},"modified":"2015-04-20T17:20:51","modified_gmt":"2015-04-20T16:20:51","slug":"inps-a-porte-aperte-focus-sul-fondo-telefonici","status":"publish","type":"post","link":"https:\/\/www.cronacaonline.it\/index.php\/2015\/04\/20\/inps-a-porte-aperte-focus-sul-fondo-telefonici\/","title":{"rendered":"Inps a porte aperte: Focus sul fondo telefonici"},"content":{"rendered":"<p>Prosegue l\u2019operazione trasparenza \u201cInps a porte aperte\u201d dell\u2019INPS. In questa sezione raggiungibile dall\u2019home page del sito istituzionale (<a href=\"http:\/\/www.inps.it\">www.inps.it<\/a>) vengono pubblicate informazioni che chiariscono le regole previste per la composizione e l\u2019effettivo funzionamento dei maggiori fondi speciali gestiti dall\u2019Istituto.<\/p>\n<p>Viene pubblicata oggi una scheda informativa sul Fondo per le pensioni del personale addetto ai pubblici servizi di telefonia (\u201cFondo telefonici\u201d).<\/p>\n<p>Il Fondo telefonici \u00e8 stato istituito nel 1920 e poi soppresso dal 1\u00b0 gennaio 2000; i titolari di posizioni assicurative e di trattamenti pensionistici legati a tale fondo sono stati iscritti, a partire da quella data, al Fondo Pensioni Lavoratori Dipendenti (FPLD). Dal 1\u00b0 gennaio 1997, le norme che regolano il calcolo della quota di pensione, la retribuzione pensionabile e l\u2019accredito della contribuzione, sono state uniformate a quelle in vigore nel FPLD.<\/p>\n<p>Negli anni il Fondo ha visto una progressiva erosione del patrimonio, divenuto negativo nel 2010. Il Fondo \u00e8 in disavanzo di gestione dal 2003. Per l\u2019anno 2015 \u00e8 prevista una perdita di oltre 1 miliardo di euro, causata in larga parte dagli effetti negativi della chiusura del Fondo ai nuovi ingressi.<\/p>\n<p>Nella scheda, corredata da grafici e tabelle, \u00e8 possibile acquisire informazioni sulle pensioni effettivamente erogate e ricalcolate con il metodo contributivo. Il 55% dei trattamenti in essere risulta pi\u00f9 elevato del 20-30% rispetto al contributivo, un altro 30% di prestazioni \u00e8 tra un terzo e due terzi pi\u00f9 alto che col contributivo. Solo una pensione su 100 del Fondo telefonici risulterebbe pi\u00f9 generosa&nbsp; con il ricalcolo contributivo.<\/p>\n<p>La sezione \u201cInps a porte aperte\u201d \u00e8 dedicata a migliorare il rapporto informativo tra Ente e cittadini, al di l\u00e0 degli obblighi prescritti dalla legge. L\u2019obiettivo \u00e8 quello di rendere pi\u00f9 chiari i meccanismi di funzionamento delle prestazioni erogate dall\u2019Istituto. L\u2019iniziativa fa parte di quell\u2019operazione trasparenza annunciata dal presidente Inps, Tito Boeri, all\u2019atto del suo insediamento. <br \/>.<\/p>\n","protected":false},"excerpt":{"rendered":"<p>Prosegue l\u2019operazione trasparenza \u201cInps a porte aperte\u201d dell\u2019INPS. In questa sezione raggiungibile dall\u2019home page del sito istituzionale (www.inps.it) vengono pubblicate informazioni che chiariscono le regole&#8230;<\/p>\n","protected":false},"author":2,"featured_media":0,"comment_status":"closed","ping_status":"closed","sticky":false,"template":"","format":"standard","meta":[],"categories":[49],"tags":[],"_links":{"self":[{"href":"https:\/\/www.cronacaonline.it\/index.php\/wp-json\/wp\/v2\/posts\/113551"}],"collection":[{"href":"https:\/\/www.cronacaonline.it\/index.php\/wp-json\/wp\/v2\/posts"}],"about":[{"href":"https:\/\/www.cronacaonline.it\/index.php\/wp-json\/wp\/v2\/types\/post"}],"author":[{"embeddable":true,"href":"https:\/\/www.cronacaonline.it\/index.php\/wp-json\/wp\/v2\/users\/2"}],"replies":[{"embeddable":true,"href":"https:\/\/www.cronacaonline.it\/index.php\/wp-json\/wp\/v2\/comments?post=113551"}],"version-history":[{"count":0,"href":"https:\/\/www.cronacaonline.it\/index.php\/wp-json\/wp\/v2\/posts\/113551\/revisions"}],"wp:attachment":[{"href":"https:\/\/www.cronacaonline.it\/index.php\/wp-json\/wp\/v2\/media?parent=113551"}],"wp:term":[{"taxonomy":"category","embeddable":true,"href":"https:\/\/www.cronacaonline.it\/index.php\/wp-json\/wp\/v2\/categories?post=113551"},{"taxonomy":"post_tag","embeddable":true,"href":"https:\/\/www.cronacaonline.it\/index.php\/wp-json\/wp\/v2\/tags?post=113551"}],"curies":[{"name":"wp","href":"https:\/\/api.w.org\/{rel}","templated":true}]}}