{"id":113549,"date":"2015-04-20T17:20:51","date_gmt":"2015-04-20T16:20:51","guid":{"rendered":"http:\/\/www.cronacaonline.it\/public\/content\/index.php\/20\/04\/2015\/sanita-con-la-ricetta-elettronica-vita-piu-facile-per-cittadini-e-medici-arru-cambiamento-radicale-noi-attenti-a-migliorare-il-servizio"},"modified":"2015-04-20T17:20:51","modified_gmt":"2015-04-20T16:20:51","slug":"sanita-con-la-ricetta-elettronica-vita-piu-facile-per-cittadini-e-medici-arru-cambiamento-radicale-noi-attenti-a-migliorare-il-servizio","status":"publish","type":"post","link":"https:\/\/www.cronacaonline.it\/index.php\/2015\/04\/20\/sanita-con-la-ricetta-elettronica-vita-piu-facile-per-cittadini-e-medici-arru-cambiamento-radicale-noi-attenti-a-migliorare-il-servizio\/","title":{"rendered":"Sanit\u00e0, con la ricetta elettronica vita pi\u00f9 facile per cittadini e medici. Arru: cambiamento radicale, noi attenti a migliorare il servizio"},"content":{"rendered":"<p>La sperimentazione della ricetta elettronica \u00e8 stata avviata e procede secondo i tempi e i modi previsti. \"Il nostro obiettivo \u00e8 quello di facilitare la vita sia ai pazienti che ai professionisti - dice l'assessore della Sanit\u00e0 Luigi Arru - Il 31 marzo la delibera sulla dematerializzazione della ricetta rosa \u00e8 stata approvata definitivamente in Giunta e da allora abbiamo avviato un percorso che porter\u00e0 a una copertura del 90% a fine 2016.<\/p>\n<p>\u00c8 chiaro - sottolinea Arru - che ogni processo di innovazione e cambiamento deve essere accompagnato, monitorato, tarato sulle esigenze che di volta in volta si presentano. E noi siamo pronti a correggere le eventuali disfunzioni che ci dovessero essere segnalate per garantire il miglior servizio possibile\".<\/p>\n<p>Sono 660 in Sardegna le farmacie coinvolte da questa vera e propria rivoluzione, e 1.660 medici di famiglia: ogni anno vengono emesse 21 milioni di ricette farmaceutiche e 4 milioni di prescrizioni di visite specialistiche. Attualmente \u00e8 in corso l'adeguamento di tutte le strutture del Sistema Sanitario Regionale per registrare l'erogazione delle prestazioni sanitarie utilizzando il sistema della ricetta elettronica dematerializzata.&nbsp; Entro il 31 dicembre 2015 tutti i medici di famiglia saranno inseriti nel sistema e, perci\u00f2, in grado di prescrivere la ricetta dematerializzata che, almeno nella fase iniziale, sar\u00e0 stampata in copia dallo stesso medico, mentre l\u2019originale arriver\u00e0 per via telematica direttamente alla farmacia in formato digitale. Entro la fine dell'anno tutti i medici saranno collegati al Sisar, il Sistema informativo sanitario integrato regionale e sar\u00e0 attivato un Osservatorio per la programmazione e il monitoraggio delle attivit\u00e0.<\/p>\n","protected":false},"excerpt":{"rendered":"<p>La sperimentazione della ricetta elettronica \u00e8 stata avviata e procede secondo i tempi e i modi previsti. &#8220;Il nostro obiettivo \u00e8 quello di facilitare la&#8230;<\/p>\n","protected":false},"author":2,"featured_media":0,"comment_status":"closed","ping_status":"closed","sticky":false,"template":"","format":"standard","meta":[],"categories":[49],"tags":[],"_links":{"self":[{"href":"https:\/\/www.cronacaonline.it\/index.php\/wp-json\/wp\/v2\/posts\/113549"}],"collection":[{"href":"https:\/\/www.cronacaonline.it\/index.php\/wp-json\/wp\/v2\/posts"}],"about":[{"href":"https:\/\/www.cronacaonline.it\/index.php\/wp-json\/wp\/v2\/types\/post"}],"author":[{"embeddable":true,"href":"https:\/\/www.cronacaonline.it\/index.php\/wp-json\/wp\/v2\/users\/2"}],"replies":[{"embeddable":true,"href":"https:\/\/www.cronacaonline.it\/index.php\/wp-json\/wp\/v2\/comments?post=113549"}],"version-history":[{"count":0,"href":"https:\/\/www.cronacaonline.it\/index.php\/wp-json\/wp\/v2\/posts\/113549\/revisions"}],"wp:attachment":[{"href":"https:\/\/www.cronacaonline.it\/index.php\/wp-json\/wp\/v2\/media?parent=113549"}],"wp:term":[{"taxonomy":"category","embeddable":true,"href":"https:\/\/www.cronacaonline.it\/index.php\/wp-json\/wp\/v2\/categories?post=113549"},{"taxonomy":"post_tag","embeddable":true,"href":"https:\/\/www.cronacaonline.it\/index.php\/wp-json\/wp\/v2\/tags?post=113549"}],"curies":[{"name":"wp","href":"https:\/\/api.w.org\/{rel}","templated":true}]}}