{"id":113548,"date":"2015-04-20T17:20:51","date_gmt":"2015-04-20T16:20:51","guid":{"rendered":"http:\/\/www.cronacaonline.it\/public\/content\/index.php\/20\/04\/2015\/attivita-dei-carabinieri-della-compagnia-di-carbonia-nellultimo-fine-settimana-un-arrestato-per-detenzione-illegale-di-armi-e-munizioni"},"modified":"2015-04-20T17:20:51","modified_gmt":"2015-04-20T16:20:51","slug":"attivita-dei-carabinieri-della-compagnia-di-carbonia-nellultimo-fine-settimana-un-arrestato-per-detenzione-illegale-di-armi-e-munizioni","status":"publish","type":"post","link":"https:\/\/www.cronacaonline.it\/index.php\/2015\/04\/20\/attivita-dei-carabinieri-della-compagnia-di-carbonia-nellultimo-fine-settimana-un-arrestato-per-detenzione-illegale-di-armi-e-munizioni\/","title":{"rendered":"Attivit\u00e0 dei carabinieri della compagnia di Carbonia nell\u2019ultimo fine settimana: un arrestato per detenzione illegale di armi e munizioni"},"content":{"rendered":"<p>I carabinieri della Stazione di Sant\u2019Antioco, nel corso di un controllo contro la detenzione di armi illegali e alcune segnalazioni di presunti episodi di bracconaggio e di spari in luogo pubblico, hanno arrestato nella flagranza dei reati detenzione abusiva di arma clandestina e detenzione abusiva di munizioni, Sandro Basciu, di 48 anni, imprenditore.<\/p>\n<p>L\u2019uomo \u00e8 stato sottoposto a perquisizione domiciliare e trovato in possesso di un fucile sovrapposto cal. 12, con matricole abrase sulla canna e sul castello, occultato all\u2019interno di un divano, 100 cartucce a pallini cal 12, 5 cartucce a pallettoni cal 12 e due cartucce a palla cal 12.<\/p>\n<p>Armi e munizioni, delle quali non ha dato darne una giustificazione plausibile in merito al possesso, l\u2019arma, sicuramente rubata, sar\u00e0 inviata al Ris di Cagliari per il ripristino delle matricole e vedere dove le armi erano state rubate.<\/p>\n<p>Quello delle armi rubate, precisa una nota del comando compagnia di Carbonia, \u00e8 un problema molto sentito ed importante ed il contrasto al traffico delle stesse \u00e8 una delle priorit\u00e0 operative dei militari del Sulcis.<\/p>\n<p>In seguito, armi e munizioni sottoposte a sequestro e l\u2019arrestato, al termine delle formalit\u00e0 di rito, \u00e8 stato accompagnato e rinchiuso presso la casa circondariale di Ca-Uta-<\/p>\n","protected":false},"excerpt":{"rendered":"<p>I carabinieri della Stazione di Sant\u2019Antioco, nel corso di un controllo contro la detenzione di armi illegali e alcune segnalazioni di presunti episodi di bracconaggio&#8230;<\/p>\n","protected":false},"author":2,"featured_media":0,"comment_status":"closed","ping_status":"closed","sticky":false,"template":"","format":"standard","meta":[],"categories":[49],"tags":[],"_links":{"self":[{"href":"https:\/\/www.cronacaonline.it\/index.php\/wp-json\/wp\/v2\/posts\/113548"}],"collection":[{"href":"https:\/\/www.cronacaonline.it\/index.php\/wp-json\/wp\/v2\/posts"}],"about":[{"href":"https:\/\/www.cronacaonline.it\/index.php\/wp-json\/wp\/v2\/types\/post"}],"author":[{"embeddable":true,"href":"https:\/\/www.cronacaonline.it\/index.php\/wp-json\/wp\/v2\/users\/2"}],"replies":[{"embeddable":true,"href":"https:\/\/www.cronacaonline.it\/index.php\/wp-json\/wp\/v2\/comments?post=113548"}],"version-history":[{"count":0,"href":"https:\/\/www.cronacaonline.it\/index.php\/wp-json\/wp\/v2\/posts\/113548\/revisions"}],"wp:attachment":[{"href":"https:\/\/www.cronacaonline.it\/index.php\/wp-json\/wp\/v2\/media?parent=113548"}],"wp:term":[{"taxonomy":"category","embeddable":true,"href":"https:\/\/www.cronacaonline.it\/index.php\/wp-json\/wp\/v2\/categories?post=113548"},{"taxonomy":"post_tag","embeddable":true,"href":"https:\/\/www.cronacaonline.it\/index.php\/wp-json\/wp\/v2\/tags?post=113548"}],"curies":[{"name":"wp","href":"https:\/\/api.w.org\/{rel}","templated":true}]}}