{"id":113546,"date":"2015-04-20T17:20:51","date_gmt":"2015-04-20T16:20:51","guid":{"rendered":"http:\/\/www.cronacaonline.it\/public\/content\/index.php\/20\/04\/2015\/arrestato-latitante-romeno-accusa-di-far-parte-di-una-organizzazione-criminale-dedita-allo-sfruttamento-della-prostituzione"},"modified":"2015-04-20T17:20:51","modified_gmt":"2015-04-20T16:20:51","slug":"arrestato-latitante-romeno-accusa-di-far-parte-di-una-organizzazione-criminale-dedita-allo-sfruttamento-della-prostituzione","status":"publish","type":"post","link":"https:\/\/www.cronacaonline.it\/index.php\/2015\/04\/20\/arrestato-latitante-romeno-accusa-di-far-parte-di-una-organizzazione-criminale-dedita-allo-sfruttamento-della-prostituzione\/","title":{"rendered":"Arrestato latitante romeno accusa di far parte di una organizzazione criminale dedita allo sfruttamento della prostituzione."},"content":{"rendered":"<p>Nell\u2019ambito delle attivit\u00e0 di prevenzione e repressione al crimine, il personale della Polizia di Stato, nei giorni scorsi, ha individuato e tratto in arresto due cittadini romeni ricercati da circa un anno e mezzo nei cui confronti era stata emessa ordinanza di custodia cautelare in carcere da parte del Gip presso il Tribunale di Cagliari in quanto ritenuti appartenere ad una organizzazione dedita allo sfruttamento della prostituzione.<\/p>\n<p>Il primo latitante, Vasile Marian, di 29 anni, \u00e8 stato individuato all\u2019inizio di aprile da una pattuglia del reparto prevenzione crimine di Abbasanta quando, nel corso del continui servizi di controllo del territorio ha notato il giovane aggirarsi nella zona di Santa Gilla, a Cagliari. Quindi \u00e8 stato immediatamente fermato e sottoposto ai controlli di routine che hanno portato alla sua identificazione e perci\u00f2 subito dopo il latitante \u00e8 finito nel carcere di Uta.<\/p>\n<p>A seguito dell\u2019arresto, del romeno, gli investigatori della Squadra Mobile di Cagliaritana, hanno intensificato l\u2019attivit\u00e0 info-investigativa, ritenendo che la presenza nella nostra citt\u00e0 dell\u2019uomo, potesse far presupporre anche quella dell\u2019altro latitante.<\/p>\n<p>Infatti, a seguito di continui servizi sul territorio, \u00e8 stata individuata una palazzina nel pressi di Elmas ove il latitante poteva aver trovato un anonimo rifugio. E la mattina del 14 aprile, con la collaborazione di personale appartenente al reparto prevenzione crimine, \u00e8 stata fatta irruzione all\u2019interno dell\u2019appartamento dove \u00e8 stato individuato Vasile Cosmin, di 27 anni, fratello di Marian.<\/p>\n<p>I due latitanti erano sfuggiti alla cattura quando a met\u00e0 del 2013, gli agenti della Mobile avevano eseguito un serie di ordinanze di custodia cautelare in carcere emesse dal Gip presso il tribunale di Cagliari nei confronti di alcuni appartenenti ad una organizzazione criminale dedita allo sfruttamento della prostituzione di giovani ragazze sia su strada che presso una struttura recettiva di Assemini, \u201cSa Lolla Manna\u201d, che all\u2019epoca \u00e8 stata sottoposta a sequestro.<\/p>\n<p>Il ruolo dei due fratelli della Romania, appieno inseriti all\u2019interno dell\u2019organizzazione criminale, era quello di favorire e programmare l\u2019arrivo delle ragazze a Cagliari nonch\u00e9 di controllarle durante la loro illecita attivit\u00e0 che erano costrette a svolgere.<\/p>\n","protected":false},"excerpt":{"rendered":"<p>Nell\u2019ambito delle attivit\u00e0 di prevenzione e repressione al crimine, il personale della Polizia di Stato, nei giorni scorsi, ha individuato e tratto in arresto due&#8230;<\/p>\n","protected":false},"author":2,"featured_media":0,"comment_status":"closed","ping_status":"closed","sticky":false,"template":"","format":"standard","meta":[],"categories":[49],"tags":[],"_links":{"self":[{"href":"https:\/\/www.cronacaonline.it\/index.php\/wp-json\/wp\/v2\/posts\/113546"}],"collection":[{"href":"https:\/\/www.cronacaonline.it\/index.php\/wp-json\/wp\/v2\/posts"}],"about":[{"href":"https:\/\/www.cronacaonline.it\/index.php\/wp-json\/wp\/v2\/types\/post"}],"author":[{"embeddable":true,"href":"https:\/\/www.cronacaonline.it\/index.php\/wp-json\/wp\/v2\/users\/2"}],"replies":[{"embeddable":true,"href":"https:\/\/www.cronacaonline.it\/index.php\/wp-json\/wp\/v2\/comments?post=113546"}],"version-history":[{"count":0,"href":"https:\/\/www.cronacaonline.it\/index.php\/wp-json\/wp\/v2\/posts\/113546\/revisions"}],"wp:attachment":[{"href":"https:\/\/www.cronacaonline.it\/index.php\/wp-json\/wp\/v2\/media?parent=113546"}],"wp:term":[{"taxonomy":"category","embeddable":true,"href":"https:\/\/www.cronacaonline.it\/index.php\/wp-json\/wp\/v2\/categories?post=113546"},{"taxonomy":"post_tag","embeddable":true,"href":"https:\/\/www.cronacaonline.it\/index.php\/wp-json\/wp\/v2\/tags?post=113546"}],"curies":[{"name":"wp","href":"https:\/\/api.w.org\/{rel}","templated":true}]}}