{"id":113542,"date":"2015-04-20T17:20:51","date_gmt":"2015-04-20T16:20:51","guid":{"rendered":"http:\/\/www.cronacaonline.it\/public\/content\/index.php\/20\/04\/2015\/asl-nuoro---manovre-di-disostruzione-una-giornata-dedicata-agli-asili-nuoresi"},"modified":"2015-04-20T17:20:51","modified_gmt":"2015-04-20T16:20:51","slug":"asl-nuoro-manovre-di-disostruzione-una-giornata-dedicata-agli-asili-nuoresi","status":"publish","type":"post","link":"https:\/\/www.cronacaonline.it\/index.php\/2015\/04\/20\/asl-nuoro-manovre-di-disostruzione-una-giornata-dedicata-agli-asili-nuoresi\/","title":{"rendered":"Asl Nuoro &#8211; Manovre di disostruzione: una giornata dedicata agli asili nuoresi"},"content":{"rendered":"<p>L'Unit\u00e0 Operativa Pediatria di Comunit\u00e0 dell'ASL di Nuoro, in collaborazione con le direzioni degli Asili Nido Privati: Che meraviglia!, Le coccole, Piccini picci\u00f2 e Nostra Signora delle Grazie, organizza la Seconda Giornata Nuorese dedicata alla conoscenza e pratica delle corrette manovre di disostruzione.<\/p>\n<p>evento, che si svolger\u00e0 gioved\u00ec 23 aprile, dalle 15.30 alle 18.00, nelle aule formazione ASL di via Collodi, \u00e8 rivolto ai genitori (ma anche a nonni\/e, fratelli maggiori, baby sitter) dei piccoli ospiti degli Asili Nido.<br \/>La sua realizzazione operativa \u00e8 resa possibile dalla disponibilit\u00e0 di un'equipe dedicata, costituita da Istruttori 118 certificati IRC (Italian Resuscitation Council) dell\u2019Omnia Emergenza, Responsabile la Dott.ssa Andreina Fois, che eseguir\u00e0 la dimostrazione a titolo gratuito.<\/p>\n<p>\u00abDesideriamo congratularci nuovamente con le Direzioni degli Asili Privati coinvolti \u2013 commenta il Dott. Francesco Fadda, Direttore della Pediatria di Comunit\u00e0 -&nbsp; per l\u2019impegno fin qui profuso per il benessere e la sicurezza dei piccoli ospiti e, quindi, delle famiglie\u00bb. Com<\/p>\n","protected":false},"excerpt":{"rendered":"<p>L&#8217;Unit\u00e0 Operativa Pediatria di Comunit\u00e0 dell&#8217;ASL di Nuoro, in collaborazione con le direzioni degli Asili Nido Privati: Che meraviglia!, Le coccole, Piccini picci\u00f2 e Nostra&#8230;<\/p>\n","protected":false},"author":2,"featured_media":0,"comment_status":"closed","ping_status":"closed","sticky":false,"template":"","format":"standard","meta":[],"categories":[49],"tags":[],"_links":{"self":[{"href":"https:\/\/www.cronacaonline.it\/index.php\/wp-json\/wp\/v2\/posts\/113542"}],"collection":[{"href":"https:\/\/www.cronacaonline.it\/index.php\/wp-json\/wp\/v2\/posts"}],"about":[{"href":"https:\/\/www.cronacaonline.it\/index.php\/wp-json\/wp\/v2\/types\/post"}],"author":[{"embeddable":true,"href":"https:\/\/www.cronacaonline.it\/index.php\/wp-json\/wp\/v2\/users\/2"}],"replies":[{"embeddable":true,"href":"https:\/\/www.cronacaonline.it\/index.php\/wp-json\/wp\/v2\/comments?post=113542"}],"version-history":[{"count":0,"href":"https:\/\/www.cronacaonline.it\/index.php\/wp-json\/wp\/v2\/posts\/113542\/revisions"}],"wp:attachment":[{"href":"https:\/\/www.cronacaonline.it\/index.php\/wp-json\/wp\/v2\/media?parent=113542"}],"wp:term":[{"taxonomy":"category","embeddable":true,"href":"https:\/\/www.cronacaonline.it\/index.php\/wp-json\/wp\/v2\/categories?post=113542"},{"taxonomy":"post_tag","embeddable":true,"href":"https:\/\/www.cronacaonline.it\/index.php\/wp-json\/wp\/v2\/tags?post=113542"}],"curies":[{"name":"wp","href":"https:\/\/api.w.org\/{rel}","templated":true}]}}