{"id":113541,"date":"2015-04-20T17:20:51","date_gmt":"2015-04-20T16:20:51","guid":{"rendered":"http:\/\/www.cronacaonline.it\/public\/content\/index.php\/20\/04\/2015\/pd-scissione-sempre-piu-vicina---italicum-in-commissione-sostituzione-di-dieci-deputati-della-minoranza-dem"},"modified":"2015-04-20T17:20:51","modified_gmt":"2015-04-20T16:20:51","slug":"pd-scissione-sempre-piu-vicina-italicum-in-commissione-sostituzione-di-dieci-deputati-della-minoranza-dem","status":"publish","type":"post","link":"https:\/\/www.cronacaonline.it\/index.php\/2015\/04\/20\/pd-scissione-sempre-piu-vicina-italicum-in-commissione-sostituzione-di-dieci-deputati-della-minoranza-dem\/","title":{"rendered":"Pd, scissione sempre pi\u00f9 vicina &#8211; Italicum, in commissione sostituzione di dieci deputati della minoranza Dem"},"content":{"rendered":"<p>Lo scontro all'interno del Pd sulla legge elettorale porter\u00e0 con ogni probabilit\u00e0 alla sostituzione degli esponenti della minoranza in commissione Affari costituzionali. Sar\u00e0 l'ufficio di presidenza del gruppo stasera a decidere in merito. Avvicendamento in vista, quindi, per l'ex segretario Pier Luigi Bersani, per Gianni Cuperlo, Rosy Bindi, Andrea Giorgis, Alfredo D'Attorre, Enzo Lattuca, Barbara Pollastrini, Roberta Agostini, Marilena Fabbri, Marco Meloni. Non dovrebbe essere sostituito, invece, Giuseppe Lauricella, critico verso l'Italicum ma che aveva gi\u00e0 annunciato di seguire le indicazioni del gruppo in commissione. In commissione sono stati presentati complessivamente 135 gli emendamenti La minoranza Pd ha presentato 11 emendamenti.<\/p>\n<p>Per Stefano Fassina la sostituzione \u00e8 \"un fatto grave\". Si tratta \"della conseguenza dell'indisponibilit\u00e0 da parte del presidente del Consiglio a riconoscere le correzioni necessarie affinch\u00e9 il pacchetto Italicum-revisione del Senato non porti ad un presidenzialismo di fatto senza contrappesi e quindi ad una pericolosa regressione della nostra democrazia\" dici il deputato dem. Rincara la dose anche un altro esponente della minoranza dem, Gianni Cuperlo, secondo cui il ricorso alla fiducia sull'Italicum rappresenterebbe \"uno strappo\" che \"metterebbe seriamente a rischio il proseguimento della legislatura, perch\u00e9 le opposizioni tutte avrebbero una reazione forte\". Cuperlo ha rinnovato quindi il suo \"appello a che questo strappo si eviti\". Cuperlo preferisce invece non aprire la polemica sulla sostituzione dei membri della minoranza Pd in Commissione Affari costituzionali. \"Ho gi\u00e0 affermato in passato - ha spiegato - che se l'ufficio di presidenza, a fronte della chiarezza e anche della lealt\u00e0 da me dimostrate, avesse ritenuto di prendere dei provvedimenti, avrei preso atto e rispettato la decisione perch\u00e9 riconosco che in un gruppo esistono delle regole e io a quelle regole mi attengo. Non \u00e8 su questo punto che voglio aprire la polemica\".<\/p>\n<p>\"Mi auguro - ha proseguito - che in queste prossime ore e in questi prossimi giorni ci sia la volont\u00e0 di capire che nessuno vuole sabotare, mettere i bastoni tra le ruote o azzerare il percorso. Ho voluto credere al presidente del Consiglio quando ha voluto, nel colloquio con Repubblica parlare di un nuovo equilibrio tra riforma elettorale e riforme costituzionali. I margini ci sono, bisogna vedere se c'\u00e8 la volont\u00e0\".<\/p>\n<p>Anche l'opposizione, con Renato Brunetta, capogruppo di Forza Italia alla Camera dei deputati, ha attaccato il Pd sulla sostituzione: \"La sostituzione di 10 membri di Commissione che evidentemente non la pensano come il segretario del partito e presidente del Consiglio, Matteo Renzi, \u00e8 una cosa assolutamente mai vista. E' aberrante, \u00e8 antidemocratico, \u00e8 anti regolamenti parlamentari. E questa decisione la dice lunga sulla democrazia di Renzi, anzi sulla democratura di Renzi, democrazia pi\u00f9 dittatura\". \"Questo \u00e8 quello che sta avvenendo, ma ne vedremo della altre pessime come la fiducia che Renzi senz'altro metter\u00e0 sul suo Italicum\".<\/p>\n<p>\"Noi saremo assolutamente contrari, questo Italicum non pu\u00f2 passare cos\u00ec ma soprattutto non pu\u00f2 passare questo modo di violentare il Parlamento, a partire dai propri commissari del Pd. Cambiare 10 commissari del calibro della presidente Bindi, e di tutti gli altri. Questo \u00e8 veramente aberrante. Il presidente della Repubblica, Sergio Mattarella, sarebbe bene che ci mettesse l'attenzione e lo sguardo\", ha concluso Brunetta.<\/p>\n<p>Sull'Italicum \u00e8 intervenuto anche il premier Matteo Renzi a Rtl. \"Non ci saranno pi\u00f9 inciuci\" ha detto Matteo Renzi, \"e non ci saranno pi\u00f9 le grandi accozzaglie, come l'Ulivo di Prodi e il centrodestra di Berlusconi. Ma \"\u00e8 chiaro che qualcuno non vuole\" questa legge elettorale \"perch\u00e9 il potere di blocco che tante volte \u00e8 intervenuto nella politica italiana, viene superato. Ma \u00e8 arrivato il momento di dire che non si pu\u00f2 pi\u00f9 consentire ai veti e contro veti dei piccoli di bloccare la democrazia in Italia\", ha aggiunto il premier.<\/p>\n","protected":false},"excerpt":{"rendered":"<p>Lo scontro all&#8217;interno del Pd sulla legge elettorale porter\u00e0 con ogni probabilit\u00e0 alla sostituzione degli esponenti della minoranza in commissione Affari costituzionali. Sar\u00e0 l&#8217;ufficio di&#8230;<\/p>\n","protected":false},"author":2,"featured_media":0,"comment_status":"closed","ping_status":"closed","sticky":false,"template":"","format":"standard","meta":[],"categories":[49],"tags":[],"_links":{"self":[{"href":"https:\/\/www.cronacaonline.it\/index.php\/wp-json\/wp\/v2\/posts\/113541"}],"collection":[{"href":"https:\/\/www.cronacaonline.it\/index.php\/wp-json\/wp\/v2\/posts"}],"about":[{"href":"https:\/\/www.cronacaonline.it\/index.php\/wp-json\/wp\/v2\/types\/post"}],"author":[{"embeddable":true,"href":"https:\/\/www.cronacaonline.it\/index.php\/wp-json\/wp\/v2\/users\/2"}],"replies":[{"embeddable":true,"href":"https:\/\/www.cronacaonline.it\/index.php\/wp-json\/wp\/v2\/comments?post=113541"}],"version-history":[{"count":0,"href":"https:\/\/www.cronacaonline.it\/index.php\/wp-json\/wp\/v2\/posts\/113541\/revisions"}],"wp:attachment":[{"href":"https:\/\/www.cronacaonline.it\/index.php\/wp-json\/wp\/v2\/media?parent=113541"}],"wp:term":[{"taxonomy":"category","embeddable":true,"href":"https:\/\/www.cronacaonline.it\/index.php\/wp-json\/wp\/v2\/categories?post=113541"},{"taxonomy":"post_tag","embeddable":true,"href":"https:\/\/www.cronacaonline.it\/index.php\/wp-json\/wp\/v2\/tags?post=113541"}],"curies":[{"name":"wp","href":"https:\/\/api.w.org\/{rel}","templated":true}]}}