{"id":113539,"date":"2015-04-20T17:20:51","date_gmt":"2015-04-20T16:20:51","guid":{"rendered":"http:\/\/www.cronacaonline.it\/public\/content\/index.php\/20\/04\/2015\/gustavo-zagrebelsky-ospite-delluniversita-di-sassari"},"modified":"2015-04-20T17:20:51","modified_gmt":"2015-04-20T16:20:51","slug":"gustavo-zagrebelsky-ospite-delluniversita-di-sassari","status":"publish","type":"post","link":"https:\/\/www.cronacaonline.it\/index.php\/2015\/04\/20\/gustavo-zagrebelsky-ospite-delluniversita-di-sassari\/","title":{"rendered":"Gustavo Zagrebelsky ospite dell&#8217;Universit\u00e0 di Sassari"},"content":{"rendered":"<p>Il Presidente emerito della Corte Costituzionale, Gustavo Zagrebelsky, sar\u00e0 ospite dell'Universit\u00e0 degli Studi di Sassari mercoled\u00ec 22 e gioved\u00ec 23 aprile. L'appuntamento \u00e8 alle 9.30 nell'Aula Magna dell'Ateneo con la tavola rotonda \"La politica. Categorie in questione - Incontri e dibattiti dedicati a Virgilio Mura\", organizzata dal Dipartimento di Scienze politiche, Scienze della comunicazione e ingegneria dell'Informazione.<br \/>I saluti di apertura sono affidati a Massimo Carpinelli, Magnifico Rettore dell\u2019Universit\u00e0 di Sassari, Antonietta Mazzette, Direttrice del Dipartimento di Scienze politiche, Scienze della comunicazione e Ingegneria dell\u2019informazione Universit\u00e0 di Sassari, Francesco Soddu, gi\u00e0 vice preside della Facolt\u00e0 di Scienze politiche 2005-2012. A seguire, interverr\u00e0 Gustavo Zagrebelsky, docente dell'Universit\u00e0 di Torino. Presiede i lavori Stefano Petrucciani dell'Universit\u00e0 di Roma \"La Sapienza\", Presidente della Societ\u00e0 italiana di Filosofia politica.<\/p>\n<p>Gioved\u00ec 23 aprile, durante la sessione del mattino dal titolo \"La filosofia politica in questione. Fra fatti e valori\", moderata da Michelangelo Bovero (Universit\u00e0 di Torino), prenderanno la parola Luigi Alfieri (Universit\u00e0 di Urbino), Marina Calloni (Universit\u00e0 di Milano Bicocca), Giulio Chiodi (Universit\u00e0 dell\u2019Insubria), Sebastiano Maffettone (LUISS, Roma), Ermanno Vitale (Universit\u00e0 della Valle d\u2019Aosta). La sessione pomeridiana \"La democrazia in questione. Fra Demos e Kratos\", con inizio alle 16, sar\u00e0 presieduta da Franco Sbarberi (Universit\u00e0 di Torino). Discutono Sandro Chignola, Universit\u00e0 di Padova - Raimondo Cubeddu, Universit\u00e0 di Pisa - Mario De Caro, Universit\u00e0 Roma Tre - Otto Kallscheuer, Universit\u00e4t Duisburg- Essen - Alfio Mastropaolo, Universit\u00e0 di Torino - Antonino Palumbo, Universit\u00e0 di Palermo.<\/p>\n<p>L'evento \u00e8 realizzato con il contributo della Fondazione Banco di Sardegna. Com<\/p>\n","protected":false},"excerpt":{"rendered":"<p>Il Presidente emerito della Corte Costituzionale, Gustavo Zagrebelsky, sar\u00e0 ospite dell&#8217;Universit\u00e0 degli Studi di Sassari mercoled\u00ec 22 e gioved\u00ec 23 aprile. L&#8217;appuntamento \u00e8 alle 9.30&#8230;<\/p>\n","protected":false},"author":2,"featured_media":0,"comment_status":"closed","ping_status":"closed","sticky":false,"template":"","format":"standard","meta":[],"categories":[49],"tags":[],"_links":{"self":[{"href":"https:\/\/www.cronacaonline.it\/index.php\/wp-json\/wp\/v2\/posts\/113539"}],"collection":[{"href":"https:\/\/www.cronacaonline.it\/index.php\/wp-json\/wp\/v2\/posts"}],"about":[{"href":"https:\/\/www.cronacaonline.it\/index.php\/wp-json\/wp\/v2\/types\/post"}],"author":[{"embeddable":true,"href":"https:\/\/www.cronacaonline.it\/index.php\/wp-json\/wp\/v2\/users\/2"}],"replies":[{"embeddable":true,"href":"https:\/\/www.cronacaonline.it\/index.php\/wp-json\/wp\/v2\/comments?post=113539"}],"version-history":[{"count":0,"href":"https:\/\/www.cronacaonline.it\/index.php\/wp-json\/wp\/v2\/posts\/113539\/revisions"}],"wp:attachment":[{"href":"https:\/\/www.cronacaonline.it\/index.php\/wp-json\/wp\/v2\/media?parent=113539"}],"wp:term":[{"taxonomy":"category","embeddable":true,"href":"https:\/\/www.cronacaonline.it\/index.php\/wp-json\/wp\/v2\/categories?post=113539"},{"taxonomy":"post_tag","embeddable":true,"href":"https:\/\/www.cronacaonline.it\/index.php\/wp-json\/wp\/v2\/tags?post=113539"}],"curies":[{"name":"wp","href":"https:\/\/api.w.org\/{rel}","templated":true}]}}