{"id":113538,"date":"2015-04-20T17:20:51","date_gmt":"2015-04-20T16:20:51","guid":{"rendered":"http:\/\/www.cronacaonline.it\/public\/content\/index.php\/20\/04\/2015\/un-percorso-fortemente-partecipato-per-la-riforma-degli-enti-locali-i-sindaci-del-nord-ovest-sardegna-si-incontrano-a-sassari-e-chiedono-un-dialogo-serrato-con-la-giunta-e-il-consiglio-region"},"modified":"2015-04-20T17:20:51","modified_gmt":"2015-04-20T16:20:51","slug":"un-percorso-fortemente-partecipato-per-la-riforma-degli-enti-locali-i-sindaci-del-nord-ovest-sardegna-si-incontrano-a-sassari-e-chiedono-un-dialogo-serrato-con-la-giunta-e-il-consiglio-regionale","status":"publish","type":"post","link":"https:\/\/www.cronacaonline.it\/index.php\/2015\/04\/20\/un-percorso-fortemente-partecipato-per-la-riforma-degli-enti-locali-i-sindaci-del-nord-ovest-sardegna-si-incontrano-a-sassari-e-chiedono-un-dialogo-serrato-con-la-giunta-e-il-consiglio-regionale\/","title":{"rendered":"Un percorso fortemente partecipato per la riforma degli enti locali: i sindaci del Nord Ovest Sardegna si incontrano a Sassari e chiedono un dialogo serrato con la giunta e il consiglio regionale."},"content":{"rendered":"<p>Mettere un freno alla crisi economica per evitare lo spopolamento del territorio, area vasta metropolitana del nord Sardegna, rifiuti, trasporti, riforma degli enti locali e della sanit\u00e0 e, soprattutto, un dialogo pi\u00f9 serrato con la giunta e il consiglio regionale. \u00c8 quanto emerso dalla prima riunione tra i sindaci del Nord Ovest della Sardegna, convocata dal sindaco di Sassari Nicola Sanna, e che oggi nella sala consiliare di Palazzo Ducale ha visto seduti attorno al tavolo oltre la met\u00e0 dei Comuni del Sassarese.<\/p>\n<p>La richiesta unanime \u00e8 quella di avviare da subito un percorso condiviso nell'elaborazione delle riforme degli enti locali e del sistema sanitario, rispetto a come \u00e8 stata elaborata la bozza presentata a dicembre per gli enti locali e la legge sulle Asl. Tutti i primi cittadini hanno sottolineato la necessit\u00e0 di dare maggiore e unica voce a tutto il Nord Sardegna. Da qui la proposta di costituire un coordinamento permanente, per dare continuit\u00e0 agli incontri, e aprire un confronto con la Regione.<\/p>\n<p>\u00abOccorre che da questa riunione si levi l'autorevolezza che \u00e8 propria dei sindaci, primi rappresentanti del sistema istituzionale \u2013 ha detto Nicola Sanna \u2013 che hanno bisogno di avere una maggiore attenzione, intesa come momento di discussione analitica delle proposte, da parte di giunta e consiglio regionale, senza rinvii sine die ma con un dibattito reale che tenga nel debito conto l'opinione degli amministratori locali. Siamo in un momento in cui dobbiamo fare delle scelte che disegneranno la Sardegna nel prossimo futuro, un quadro che durer\u00e0 tra i 20 e i 25 anni\u00bb.<\/p>\n<p>Il punto centrale della riunione, nella prospettiva della scomparsa delle Province, si \u00e8 focalizzato sulla questione della realizzazione di un'area vasta metropolitana dell'intero Nord Sardegna. Una realt\u00e0 a standard europeo, dove la distanza per raggiungere le diverse funzioni di un'area metropolitana \u2013 porti, aeroporti, parchi nazionali, poli produttivi agricoli, industriali e turistici, scuola, universit\u00e0, sanit\u00e0, uffici regionali e territoriali \u2013 non sia maggiore a un'ora di percorrenza.<\/p>\n<p>\u00abDobbiamo arrivare a incontri costruttivi e reali con gli assessori regionali e il presidente della Regione \u2013 ha ribadito il primo cittadino di Sassari \u2013 e davanti abbiamo anche urgenti argomenti relativi alla ripresa dell'apparato produttivo, alla sanit\u00e0, ai rifiuti e ai trasporti\u00bb.<\/p>\n<p>Da qui la necessit\u00e0 di organizzare un calendario fitto su temi concreti. Una prima data utile potr\u00e0 essere quella del 30 aprile, quando ad Alghero sar\u00e0 presente il presidente della Regione, Francesco Pigliaru, una prima occasione quindi per un confronto diretto sui temi cari al Nord Ovest Sardegna e alla parte settentrionale dell'Isola.<\/p>\n<p>Al tavolo hanno partecipato anche il presidente del consiglio comunale Antonio Piu e la presidente della Provincia Alessandra Giudici. Com<\/p>\n","protected":false},"excerpt":{"rendered":"<p>Mettere un freno alla crisi economica per evitare lo spopolamento del territorio, area vasta metropolitana del nord Sardegna, rifiuti, trasporti, riforma degli enti locali e&#8230;<\/p>\n","protected":false},"author":2,"featured_media":0,"comment_status":"closed","ping_status":"closed","sticky":false,"template":"","format":"standard","meta":[],"categories":[49],"tags":[],"_links":{"self":[{"href":"https:\/\/www.cronacaonline.it\/index.php\/wp-json\/wp\/v2\/posts\/113538"}],"collection":[{"href":"https:\/\/www.cronacaonline.it\/index.php\/wp-json\/wp\/v2\/posts"}],"about":[{"href":"https:\/\/www.cronacaonline.it\/index.php\/wp-json\/wp\/v2\/types\/post"}],"author":[{"embeddable":true,"href":"https:\/\/www.cronacaonline.it\/index.php\/wp-json\/wp\/v2\/users\/2"}],"replies":[{"embeddable":true,"href":"https:\/\/www.cronacaonline.it\/index.php\/wp-json\/wp\/v2\/comments?post=113538"}],"version-history":[{"count":0,"href":"https:\/\/www.cronacaonline.it\/index.php\/wp-json\/wp\/v2\/posts\/113538\/revisions"}],"wp:attachment":[{"href":"https:\/\/www.cronacaonline.it\/index.php\/wp-json\/wp\/v2\/media?parent=113538"}],"wp:term":[{"taxonomy":"category","embeddable":true,"href":"https:\/\/www.cronacaonline.it\/index.php\/wp-json\/wp\/v2\/categories?post=113538"},{"taxonomy":"post_tag","embeddable":true,"href":"https:\/\/www.cronacaonline.it\/index.php\/wp-json\/wp\/v2\/tags?post=113538"}],"curies":[{"name":"wp","href":"https:\/\/api.w.org\/{rel}","templated":true}]}}