{"id":113537,"date":"2015-04-20T17:20:51","date_gmt":"2015-04-20T16:20:51","guid":{"rendered":"http:\/\/www.cronacaonline.it\/public\/content\/index.php\/20\/04\/2015\/turismo-al-via-promozione-sardegna-nei-mercati-nord-europa"},"modified":"2015-04-20T17:20:51","modified_gmt":"2015-04-20T16:20:51","slug":"turismo-al-via-promozione-sardegna-nei-mercati-nord-europa","status":"publish","type":"post","link":"https:\/\/www.cronacaonline.it\/index.php\/2015\/04\/20\/turismo-al-via-promozione-sardegna-nei-mercati-nord-europa\/","title":{"rendered":"Turismo: al via promozione Sardegna nei mercati nord Europa"},"content":{"rendered":"<p>Prosegue il tour di promozione turistica della Regione con una doppia tappa nel Nord Europa, mercato divenuto punto di riferimento costante per la Sardegna. Le aziende isolane di settore saranno protagoniste domani a Copenaghen in Danimarca, e gioved\u00ec 23 a Oslo in Norvegia. Si tratta del terzo e quarto evento organizzati dall\u2019assessorato del Turismo, Artigianato e Commercio per proporre la destinazione direttamente ai buyer dei Paesi-obiettivo, le prime due iniziative si sono svolte a Zurigo e a Praga. Nel corso dell\u2019appuntamento saranno presentate ad agenzie specializzate le 14 aziende partecipanti e accreditate dall'assessorato, in rappresentanza di varie categorie del ricettivo e di consorzi e servizi turistici. In programma anche incontri coi media locali oltre che descrizione e filmati promozionali.<\/p>\n<p>Mercati nord Europa. I due mercati nordici generano numeri simili: le presenze danesi nelle strutture ricettive sarde l\u2019anno passato sono state oltre 76 mila, in lieve crescita rispetto al 2013, e dopo varie stagioni pi\u00f9 di quelle norvegesi (oltre 72 mila), stabili dopo il boom degli anni precedenti. \u201cI mercati del Nord Europa sono un riferimento importante per la Sardegna \u2013 dice l\u2019assessore del Turismo, Artigianato e Commercio Francesco Morandi \u2013 gli scandinavi, infatti, hanno capacit\u00e0 di spesa oltre la media e possibilit\u00e0 di fare pi\u00f9 short break nel corso dell\u2019anno e, soprattutto, in mesi \u2018di spalla\u2019. In sostanza, i turisti ideali per \u2018dilatare\u2019 nel tempo e nello spazio i flussi\u201d. \u00c8 di pochi giorni fa la notizia che ad Alghero sono stati attivati 14 nuovi collegamenti charter col Nord del Vecchio Continente, molti dei quali con Danimarca, Finlandia, Norvegia e Svezia.<\/p>\n<p>Eventi promozionali. Proprio in Svezia, a Stoccolma, il 12 e 13 maggio, si svolger\u00e0 il prossimo evento organizzato dall\u2019assessorato, per chiudere l'attivit\u00e0 di promozione scandinava. Dopo l\u2019estate gli ultimi tre appuntamenti tutti associati a fiere alle quali partecipa la Regione: a Monaco di Baviera, Vienna e Londra. \u201cPuntiamo con decisone sul mercato europeo con la partecipazione alle fiere e con l\u2019organizzazione di eventi \u2013 prosegue Morandi \u2013 intendiamo focalizzare l\u2019attenzione dei professionisti del settore sulla destinazione, favorendo il networking fra aziende isolane e buyer locali. Per indirizzare l\u2019attenzione \u00e8 strettamente necessario diversificare l\u2019offerta e creare motivazioni di viaggio legate a nuovi tematismi, come qualit\u00e0 della vita e cultura, che si coniughino con il turismo balneare: sar\u00e0 cos\u00ec possibile riposizionarsi sui mercati internazionali\u201d.<\/p>\n","protected":false},"excerpt":{"rendered":"<p>Prosegue il tour di promozione turistica della Regione con una doppia tappa nel Nord Europa, mercato divenuto punto di riferimento costante per la Sardegna. Le&#8230;<\/p>\n","protected":false},"author":2,"featured_media":0,"comment_status":"closed","ping_status":"closed","sticky":false,"template":"","format":"standard","meta":[],"categories":[49],"tags":[],"_links":{"self":[{"href":"https:\/\/www.cronacaonline.it\/index.php\/wp-json\/wp\/v2\/posts\/113537"}],"collection":[{"href":"https:\/\/www.cronacaonline.it\/index.php\/wp-json\/wp\/v2\/posts"}],"about":[{"href":"https:\/\/www.cronacaonline.it\/index.php\/wp-json\/wp\/v2\/types\/post"}],"author":[{"embeddable":true,"href":"https:\/\/www.cronacaonline.it\/index.php\/wp-json\/wp\/v2\/users\/2"}],"replies":[{"embeddable":true,"href":"https:\/\/www.cronacaonline.it\/index.php\/wp-json\/wp\/v2\/comments?post=113537"}],"version-history":[{"count":0,"href":"https:\/\/www.cronacaonline.it\/index.php\/wp-json\/wp\/v2\/posts\/113537\/revisions"}],"wp:attachment":[{"href":"https:\/\/www.cronacaonline.it\/index.php\/wp-json\/wp\/v2\/media?parent=113537"}],"wp:term":[{"taxonomy":"category","embeddable":true,"href":"https:\/\/www.cronacaonline.it\/index.php\/wp-json\/wp\/v2\/categories?post=113537"},{"taxonomy":"post_tag","embeddable":true,"href":"https:\/\/www.cronacaonline.it\/index.php\/wp-json\/wp\/v2\/tags?post=113537"}],"curies":[{"name":"wp","href":"https:\/\/api.w.org\/{rel}","templated":true}]}}