{"id":113533,"date":"2015-04-21T17:20:51","date_gmt":"2015-04-21T16:20:51","guid":{"rendered":"http:\/\/www.cronacaonline.it\/public\/content\/index.php\/21\/04\/2015\/intervento-presidente-del-consiglio-regionale-sardo-gianfranco-ganau-celebrazioni-70o-della-liberazione-crs-nuoro"},"modified":"2015-04-21T17:20:51","modified_gmt":"2015-04-21T16:20:51","slug":"intervento-presidente-del-consiglio-regionale-sardo-gianfranco-ganau-celebrazioni-70o-della-liberazione-crs-nuoro","status":"publish","type":"post","link":"https:\/\/www.cronacaonline.it\/index.php\/2015\/04\/21\/intervento-presidente-del-consiglio-regionale-sardo-gianfranco-ganau-celebrazioni-70o-della-liberazione-crs-nuoro\/","title":{"rendered":"Intervento presidente del Consiglio Regionale sardo, Gianfranco Ganau celebrazioni 70\/o della liberazione Crs Nuoro"},"content":{"rendered":"<p>Il presidente del Consiglio Regionale della Sardegna, Gianfranco Ganau, nel suo intervento a Nuoro per la celebrazione del 70\/o anniversario della liberazione, ha detto: \u201cEgr. Signor Sindaco, il mio saluto personale e quello del Consiglio regionale a Lei e a tutte le autorit\u00e0 presenti, a tutti coloro che hanno voluto condividere con noi questa giornata di celebrazione dei 70 anni della Liberazione dell\u2019Italia.<\/p>\n<p>Un saluto particolare ai pi\u00f9 giovani, agli studenti qui presenti, cui abbiamo voluto dedicare la giornata, perch\u00e9 a loro spetta il compito di custodire, difendere ed estendere i valori che la lotta di liberazione ci ha consegnato.<br \/>Ringrazio - ha detto ancora - il Sindaco e l\u2019amministrazione per aver voluto condividere con noi quest\u2019 iniziativa.<\/p>\n<p>Grazie all\u2019Anpi e al suo presidente che ci onora con la sua presenza.<br \/>E grazie al Liceo delle Scienze umane e musicali \u201cSebastiano Satta\u201d e all\u2019istituto comprensivo \u201cPietro Borrotzu\u201d per la preziosa collaborazione\u201d. <br \/>\u201cAbbiamo fortemente voluto \u2013 detto ancora il presidente - che il Consiglio regionale celebrasse il 70\u00b0 anniversario della Liberazione, convinti che il ricordo di coloro che hanno perso e rischiato la vita per consentirci di vivere in uno stato libero e democratico sia un fatto importante e debba essere l\u2019occasione per ricordarci la necessit\u00e0 di un impegno quotidiano volto a diffondere i valori della Resistenza.<\/p>\n<p>E, soprattutto, abbiamo voluto che queste celebrazioni avvenissero fuori dalle mura del Consiglio Regionale perch\u00e9 crediamo che la politica, soprattutto nei momenti difficili come questi che stiamo attraversando, debba tornare tra la gente, per ricordare momenti importanti come questo ma anche per stare vicino ai problemi dei sardi e condividere le soluzioni migliori per la Sardegna.<\/p>\n<p>Sono passati 70 anni da quel lontano 25 Aprile 1945 \u2013 dalla sconfitta del nazi \u2013 fascismo.<\/p>\n<p>Grazie ai partigiani, a quegli uomini e quelle donne che si batterono allora, grazie alla Resistenza e ai suoi ideali \u00e8 nato quel capolavoro di diritti e di doveri rappresentato dalla nostra Costituzione, che \u00e8 l'atto fondante della nostra Repubblica, della nostra democrazia.<\/p>\n<p>L\u00ec sono contenuti i principi del vivere civile, di solidariet\u00e0, di sussidiariet\u00e0 che ci consentono oggi di godere pienamente della libert\u00e0 conquistata.<br \/>La Costituzione, e mi rivolgo ancora ai pi\u00f9 giovani, deve essere conosciuta, rispettata, difesa e finanche pienamente attuata in alcune sue parti.<\/p>\n<p>Spetta oggi a tutti noi ed a voi giovani per il futuro fare s\u00ec che queste conquiste non siano disperse, siano consolidate e non date per scontate.<br \/>Affermava Piero Calamandrei rivolgendosi proprio ai pi\u00f9 giovani:<br \/>\"...La libert\u00e0 \u00e8 come l\u2019aria. Ci si accorge di quanto vale quando comincia a mancare, quando si sente quel senso di asfissia che gli uomini della mia generazione hanno sentito per vent'anni e che io auguro a voi giovani di non sentire mai. E vi auguro di non trovarvi mai a sentire questo senso di angoscia, in quanto vi auguro di riuscire a creare voi le condizioni perch\u00e9 questo senso di angoscia non lo dobbiate provare mai, ricordatevi ogni giorno che sulla libert\u00e0 bisogna vigilare, vigilare dando il proprio contributo... \"<\/p>\n<p>Era il 1955 e - ancora oggi - dopo 60 anni le sue parole andrebbero lette ogni giorno per ricordarci che la nostra democrazia va continuamente alimentata attraverso battaglie di difesa della solidariet\u00e0, della giustizia sociale e del rispetto della persona umana.<\/p>\n<p>E in questi principi che bisogna trovare le soluzioni per affrontare il dramma che oggi centinaia di persone affrontano, trovando la morte, ricercando invece solo una vita migliore.<\/p>\n<p>&nbsp;I motivi per essere solidali e sconfiggere chi oggi fa tratta di schiavi.<br \/>Noi ci alziamo tutti i giorni e respiriamo.<\/p>\n<p>Tutti i giorni facciamo gesti e azioni assolutamente abitudinarie cui non diamo peso, come comprare e leggere i giornali o i libri che vogliamo, esprimere opinioni, manifestare dissenso.<\/p>\n<p>Partecipiamo ad attivit\u00e0 sociali, culturali, possiamo costituire libere associazioni, aderire a partiti, sindacati, votare liberamente per scegliere i nostri amministratori e la classe dirigente.<\/p>\n<p>Ebbene tutto questo oggi appare scontato ma \u00e8 possibile solo grazie alla lotta di resistenza, a quegli uomini e a quelle donne che hanno lottato e perso la vita per consentirci tutto questo, a quei valori che li hanno ispirati nella lotta di liberazione dell\u2019Italia dal nazi-fascismo.<\/p>\n<p>Questa normalit\u00e0 \u00e8 possibile grazie a quel 25 Aprile 1945.<\/p>\n<p>Sotto il regime fascista la libert\u00e0 di pensiero, di associazione, di stampa, la possibilit\u00e0 di costituire partiti, di manifestare \u2013 conclude il suo discorso il presidente Ganau - erano vietate e chi si oppose al regime fu vittima di una violenza inaudita. Allora la libert\u00e0 non esisteva, si veniva discriminati e perseguitati per diverse opinioni politiche, tendenze sessuali, provenienze razziali, credo religioso, nella pretesa di un assurdo primato della razza. <br \/>Per questo siamo qui, perch\u00e9 \u00e8 dalla conoscenza e dalla consapevolezza del passato e della nostra storia, che dobbiamo trovare le ragioni perch\u00e9 nessuno possa mettere mai in discussione queste conquiste e per essere sempre pronti a difendere quel bene prezioso come l\u2019aria, che \u00e8 la libert\u00e0\u201d. Com<\/p>\n","protected":false},"excerpt":{"rendered":"<p>Il presidente del Consiglio Regionale della Sardegna, Gianfranco Ganau, nel suo intervento a Nuoro per la celebrazione del 70\/o anniversario della liberazione, ha detto: \u201cEgr.&#8230;<\/p>\n","protected":false},"author":2,"featured_media":0,"comment_status":"closed","ping_status":"closed","sticky":false,"template":"","format":"standard","meta":[],"categories":[49],"tags":[],"_links":{"self":[{"href":"https:\/\/www.cronacaonline.it\/index.php\/wp-json\/wp\/v2\/posts\/113533"}],"collection":[{"href":"https:\/\/www.cronacaonline.it\/index.php\/wp-json\/wp\/v2\/posts"}],"about":[{"href":"https:\/\/www.cronacaonline.it\/index.php\/wp-json\/wp\/v2\/types\/post"}],"author":[{"embeddable":true,"href":"https:\/\/www.cronacaonline.it\/index.php\/wp-json\/wp\/v2\/users\/2"}],"replies":[{"embeddable":true,"href":"https:\/\/www.cronacaonline.it\/index.php\/wp-json\/wp\/v2\/comments?post=113533"}],"version-history":[{"count":0,"href":"https:\/\/www.cronacaonline.it\/index.php\/wp-json\/wp\/v2\/posts\/113533\/revisions"}],"wp:attachment":[{"href":"https:\/\/www.cronacaonline.it\/index.php\/wp-json\/wp\/v2\/media?parent=113533"}],"wp:term":[{"taxonomy":"category","embeddable":true,"href":"https:\/\/www.cronacaonline.it\/index.php\/wp-json\/wp\/v2\/categories?post=113533"},{"taxonomy":"post_tag","embeddable":true,"href":"https:\/\/www.cronacaonline.it\/index.php\/wp-json\/wp\/v2\/tags?post=113533"}],"curies":[{"name":"wp","href":"https:\/\/api.w.org\/{rel}","templated":true}]}}