{"id":113525,"date":"2015-04-21T17:20:51","date_gmt":"2015-04-21T16:20:51","guid":{"rendered":"http:\/\/www.cronacaonline.it\/public\/content\/index.php\/21\/04\/2015\/ambiente-prevenzione-contro-il-rischio-idrogeologico-nel-comune-di-padru"},"modified":"2015-04-21T17:20:51","modified_gmt":"2015-04-21T16:20:51","slug":"ambiente-prevenzione-contro-il-rischio-idrogeologico-nel-comune-di-padru","status":"publish","type":"post","link":"https:\/\/www.cronacaonline.it\/index.php\/2015\/04\/21\/ambiente-prevenzione-contro-il-rischio-idrogeologico-nel-comune-di-padru\/","title":{"rendered":"Ambiente: prevenzione contro il rischio idrogeologico nel comune di Padru"},"content":{"rendered":"<p>La giunta odierna ha approvato due delibere in tema di difesa dell'ambiente. La prima proposta dell'assessore Donatella Spano, in coerenza con il lavoro dell'assessorato sulla prevenzione del rischio e dissesto idrogeologico, prende atto del parere del SAVI, il Servizio regionale della sostenibilit\u00e0 ambientale, valutazioni impatti e sistemi informativi, di non sottoporre a ulteriore procedura di valutazione di impatto ambientale gli interventi di mitigazione del rischio idrogeologico sul Rio Rizzolu, in prossimit\u00e0 del centro abitato del Comune di Padru, in attuazione dell'Accordo di Programma tra il Ministero dell'Ambiente e della Tutela del Territorio e del Mare e la Regione. \u201cContinuiamo a valutare con particolare attenzione gli interventi sul territorio, prestando particolare attenzione a tutte le pratiche necessarie e agli interventi di prevenzione del rischio idrogeologico\u201d, dichiara l'assessore Donatella Spano.<\/p>\n<p>La seconda delibera, anch'essa a seguito di parere del SAVI, riguarda la riconversione dell'impianto per il trattamento dei rifiuti urbani della localit\u00e0 Zimmioni nel Comune di Villasimius in impianto di compostaggio di qualit\u00e0. L'intervento non incide su nuove aree e non implica particolari criticit\u00e0 paesaggistiche.<\/p>\n","protected":false},"excerpt":{"rendered":"<p>La giunta odierna ha approvato due delibere in tema di difesa dell&#8217;ambiente. La prima proposta dell&#8217;assessore Donatella Spano, in coerenza con il lavoro dell&#8217;assessorato sulla&#8230;<\/p>\n","protected":false},"author":2,"featured_media":0,"comment_status":"closed","ping_status":"closed","sticky":false,"template":"","format":"standard","meta":[],"categories":[49],"tags":[],"_links":{"self":[{"href":"https:\/\/www.cronacaonline.it\/index.php\/wp-json\/wp\/v2\/posts\/113525"}],"collection":[{"href":"https:\/\/www.cronacaonline.it\/index.php\/wp-json\/wp\/v2\/posts"}],"about":[{"href":"https:\/\/www.cronacaonline.it\/index.php\/wp-json\/wp\/v2\/types\/post"}],"author":[{"embeddable":true,"href":"https:\/\/www.cronacaonline.it\/index.php\/wp-json\/wp\/v2\/users\/2"}],"replies":[{"embeddable":true,"href":"https:\/\/www.cronacaonline.it\/index.php\/wp-json\/wp\/v2\/comments?post=113525"}],"version-history":[{"count":0,"href":"https:\/\/www.cronacaonline.it\/index.php\/wp-json\/wp\/v2\/posts\/113525\/revisions"}],"wp:attachment":[{"href":"https:\/\/www.cronacaonline.it\/index.php\/wp-json\/wp\/v2\/media?parent=113525"}],"wp:term":[{"taxonomy":"category","embeddable":true,"href":"https:\/\/www.cronacaonline.it\/index.php\/wp-json\/wp\/v2\/categories?post=113525"},{"taxonomy":"post_tag","embeddable":true,"href":"https:\/\/www.cronacaonline.it\/index.php\/wp-json\/wp\/v2\/tags?post=113525"}],"curies":[{"name":"wp","href":"https:\/\/api.w.org\/{rel}","templated":true}]}}