{"id":113524,"date":"2015-04-21T17:20:51","date_gmt":"2015-04-21T16:20:51","guid":{"rendered":"http:\/\/www.cronacaonline.it\/public\/content\/index.php\/21\/04\/2015\/riorganizzazione-regione-la-giunta-approva-nuovi-criteri-di-valutazione-dei-dirigenti"},"modified":"2015-04-21T17:20:51","modified_gmt":"2015-04-21T16:20:51","slug":"riorganizzazione-regione-la-giunta-approva-nuovi-criteri-di-valutazione-dei-dirigenti","status":"publish","type":"post","link":"https:\/\/www.cronacaonline.it\/index.php\/2015\/04\/21\/riorganizzazione-regione-la-giunta-approva-nuovi-criteri-di-valutazione-dei-dirigenti\/","title":{"rendered":"Riorganizzazione regione, la giunta approva nuovi criteri di valutazione dei dirigenti"},"content":{"rendered":"<p>Questo pomeriggio, a perfezionamento della delibera adottata la scorsa settimana, la Giunta regionale ha approvato la graduazione delle posizioni dirigenziali non apicali, proposta dall\u2019assessore del Personale, Gianmario Demuro. Il testo fissa anche i parametri di valutazione dei dirigenti di servizio. Domani partiranno le manifestazioni di interesse da parte di 116 dirigenti della Regione e 70 di Agenzie ed Enti che fanno parte del sistema regionale.<\/p>\n<p>\u201cPer la prima volta \u2013 spiega Demuro \u2013 la Regione Sardegna avvia un provvedimento innovativo di questa portata, riferito al personale dirigente. Si tratta di una fase sperimentale, suscettibile di correzioni e miglioramenti, che tuttavia non nasce dal nulla: abbiamo preso spunto da modelli gi\u00e0 rodati nella pubblica amministrazione italiana, primo tra tutti quello della Regione Puglia\u201d.<\/p>\n<p>L\u2019assessore Demuro sottolinea che \u201cper la prima volta sono stati individuati negli Assessorati, negli Enti e nelle Agenzie, i livelli di complessit\u00e0 di ogni singolo servizio. La graduazione ha richiesto un lungo lavoro di studio e valutazione, condiviso con le organizzazioni sindacali con cui ci siamo a lungo confrontati. Sulla base dei servizi disponibili e della valutazione che \u00e8 stata loro data, sar\u00e0 possibile presentare la manifestazione d\u2019interesse sino al 28 aprile. Chi avr\u00e0 maggiore attitudine per le questioni pi\u00f9 complesse, potr\u00e0 orientare la domanda sui servizi che richiedono maggiore responsabilit\u00e0. Per molti potrebbe essere una sfida personale, una motivazione in pi\u00f9, mentre altri dirigenti potrebbero fare scelte diverse, ma ugualmente rispettabili. Una cosa deve essere chiara a tutti: da questo momento nessuna valutazione (che si far\u00e0 il prossimo anno) sar\u00e0 pi\u00f9 uguale alle altre. E, quindi, non lo saranno neppure i premi di risultato legati agli obiettivi pi\u00f9 o meno raggiunti: non tutti potranno prendere il 100% della premialit\u00e0. Con questa delibera, inoltre, vogliamo aprire alla mobilit\u00e0 dei nostri dirigenti\u201d.<\/p>\n<p>Per il momento resta escluso dal provvedimento il Corpo forestale e di Vigilanza ambientale, in attesa della riorganizzazione della Direzione generale del Corpo che dovr\u00e0 essere formalizzata dall\u2019Assessorato regionale dell\u2019Ambiente (d\u2019intesa con l\u2019Assessorato del Personale) entro il 30 ottobre 2015.<\/p>\n","protected":false},"excerpt":{"rendered":"<p>Questo pomeriggio, a perfezionamento della delibera adottata la scorsa settimana, la Giunta regionale ha approvato la graduazione delle posizioni dirigenziali non apicali, proposta dall\u2019assessore del&#8230;<\/p>\n","protected":false},"author":2,"featured_media":0,"comment_status":"closed","ping_status":"closed","sticky":false,"template":"","format":"standard","meta":[],"categories":[49],"tags":[],"_links":{"self":[{"href":"https:\/\/www.cronacaonline.it\/index.php\/wp-json\/wp\/v2\/posts\/113524"}],"collection":[{"href":"https:\/\/www.cronacaonline.it\/index.php\/wp-json\/wp\/v2\/posts"}],"about":[{"href":"https:\/\/www.cronacaonline.it\/index.php\/wp-json\/wp\/v2\/types\/post"}],"author":[{"embeddable":true,"href":"https:\/\/www.cronacaonline.it\/index.php\/wp-json\/wp\/v2\/users\/2"}],"replies":[{"embeddable":true,"href":"https:\/\/www.cronacaonline.it\/index.php\/wp-json\/wp\/v2\/comments?post=113524"}],"version-history":[{"count":0,"href":"https:\/\/www.cronacaonline.it\/index.php\/wp-json\/wp\/v2\/posts\/113524\/revisions"}],"wp:attachment":[{"href":"https:\/\/www.cronacaonline.it\/index.php\/wp-json\/wp\/v2\/media?parent=113524"}],"wp:term":[{"taxonomy":"category","embeddable":true,"href":"https:\/\/www.cronacaonline.it\/index.php\/wp-json\/wp\/v2\/categories?post=113524"},{"taxonomy":"post_tag","embeddable":true,"href":"https:\/\/www.cronacaonline.it\/index.php\/wp-json\/wp\/v2\/tags?post=113524"}],"curies":[{"name":"wp","href":"https:\/\/api.w.org\/{rel}","templated":true}]}}