{"id":111602,"date":"2014-07-08T17:20:49","date_gmt":"2014-07-08T16:20:49","guid":{"rendered":"http:\/\/www.cronacaonline.it\/public\/content\/index.php\/08\/07\/2014\/giunta-regionale-le-altre-delibere-approvate-oggi"},"modified":"2014-07-08T17:20:49","modified_gmt":"2014-07-08T16:20:49","slug":"giunta-regionale-le-altre-delibere-approvate-oggi","status":"publish","type":"post","link":"https:\/\/www.cronacaonline.it\/index.php\/2014\/07\/08\/giunta-regionale-le-altre-delibere-approvate-oggi\/","title":{"rendered":"Giunta regionale: le altre delibere approvate oggi"},"content":{"rendered":"<p>Un milione per i centri contro la violenza sulle donne e per quelli di accoglienza. Lo ha stanziato oggi la Giunta su proposta dell\u2019assessore della Sanit\u00e0 Luigi Arru. Ai centri anti-violenza sono destinati 350mila euro, mentre 650mila vanno ai centri di accoglienza. \u201cNel prossimo stanziamento\u201d ha affermato l\u2019assessore Arru, \u201cbisogner\u00e0 inserire anche l\u2019istituzione del centro anti-violenza per la zona di Carbonia e Iglesias\u201d.<br \/>La Giunta ha nominato anche il commissario straordinario dell\u2019Agenzia regionale della Sanit\u00e0: \u00e8 l\u2019avvocato Tiziana Ledda.<\/p>\n<p>L\u2019assessore dell\u2019Industria Maria Grazia Piras ha presentato un disegno di legge che, se approvato dal Consiglio, rafforzer\u00e0 l\u2019intervento per il Piano Sulcis con 20 milioni di euro, che si sono resi disponibili per l\u2019intervento del governo nel finanziamento della centrale nell\u2019area Eurallumina.<\/p>\n<p>Prorogata inoltre la convenzione con Carbosulcis fino al 31 luglio 2014.<br \/>L\u2019allerta della Protezione civile per eventi di criticit\u00e0 ordinaria (che talvolta, come \u00e8 accaduto di recente, si trasformano in eventi eccezionali) dovr\u00e0 essere dato non solo con l\u2019inserimento della notizia sul sito della stessa Protezione civile, ma anche con la comunicazione diretta ai comuni interessati. Lo ha deciso oggi, su richiesta del capo della Protezione civile nazionale, la Giunta regionale con una delibera presentata dall\u2019Assessore dell\u2019Ambiente Donatella Spano.<\/p>\n<p>Su proposta dell\u2019assessore degli Enti locali Cristiano Erriu, la Giunta ha nominato la dr.ssa Giovannina Busia commissario straordinario del comune di Ilbono. Sempre su proposta di Erriu \u00e8 stata approvata la cessione al comune di Osini a prezzo simbolico di terreni e fabbricati, compresa la vecchia stazione ferroviaria in disuso, ex Ferrovie della Sardegna.<\/p>\n","protected":false},"excerpt":{"rendered":"<p>Un milione per i centri contro la violenza sulle donne e per quelli di accoglienza. Lo ha stanziato oggi la Giunta su proposta dell\u2019assessore della&#8230;<\/p>\n","protected":false},"author":2,"featured_media":0,"comment_status":"closed","ping_status":"closed","sticky":false,"template":"","format":"standard","meta":[],"categories":[49],"tags":[],"_links":{"self":[{"href":"https:\/\/www.cronacaonline.it\/index.php\/wp-json\/wp\/v2\/posts\/111602"}],"collection":[{"href":"https:\/\/www.cronacaonline.it\/index.php\/wp-json\/wp\/v2\/posts"}],"about":[{"href":"https:\/\/www.cronacaonline.it\/index.php\/wp-json\/wp\/v2\/types\/post"}],"author":[{"embeddable":true,"href":"https:\/\/www.cronacaonline.it\/index.php\/wp-json\/wp\/v2\/users\/2"}],"replies":[{"embeddable":true,"href":"https:\/\/www.cronacaonline.it\/index.php\/wp-json\/wp\/v2\/comments?post=111602"}],"version-history":[{"count":0,"href":"https:\/\/www.cronacaonline.it\/index.php\/wp-json\/wp\/v2\/posts\/111602\/revisions"}],"wp:attachment":[{"href":"https:\/\/www.cronacaonline.it\/index.php\/wp-json\/wp\/v2\/media?parent=111602"}],"wp:term":[{"taxonomy":"category","embeddable":true,"href":"https:\/\/www.cronacaonline.it\/index.php\/wp-json\/wp\/v2\/categories?post=111602"},{"taxonomy":"post_tag","embeddable":true,"href":"https:\/\/www.cronacaonline.it\/index.php\/wp-json\/wp\/v2\/tags?post=111602"}],"curies":[{"name":"wp","href":"https:\/\/api.w.org\/{rel}","templated":true}]}}