{"id":111591,"date":"2014-07-15T17:20:48","date_gmt":"2014-07-15T16:20:48","guid":{"rendered":"http:\/\/www.cronacaonline.it\/public\/content\/index.php\/15\/07\/2014\/provvedimenti-giunta-sardegna"},"modified":"2014-07-15T17:20:48","modified_gmt":"2014-07-15T16:20:48","slug":"provvedimenti-giunta-sardegna-2","status":"publish","type":"post","link":"https:\/\/www.cronacaonline.it\/index.php\/2014\/07\/15\/provvedimenti-giunta-sardegna-2\/","title":{"rendered":"Provvedimenti Giunta Sardegna"},"content":{"rendered":"<p>Si \u00e8 aperta con la presa d\u2019atto del bilancio d\u2019esercizio 2013 di Sardegna Ricerche la seduta della giunta guidata da Francesco Pigliaru, riunita oggi nella sala di viale Trento. Due le delibere portate al tavolo dall\u2019assessore dell\u2019Agricoltura Elisabetta Falchi. La prima ha riguardato il Consorzio di Bonifica del Basso Sulcis, che \u00e8 stato autorizzato all\u2019assegnazione temporanea ai Comuni di 13 unit\u00e0 lavorative, e la seconda il programma relativo a spese per il potenziamento dei Servizi Fitosanitari Regionali. <\/p>\n<p>Si tratta di un importo di circa 176 mila euro per far fronte alle varie emergenze fitosanitarie: circa 111 mila euro sono destinati all\u2019implementazione dei procedimenti del Servizio Fitosanitario sul Sistema Informativo Agricolo Regionale, e 65 mila euro sono assegnati all\u2019Agenzia Agris per il personale con competenze specialistiche diagnostiche dedicato all\u2019attivit\u00e0 del laboratorio.<\/p>\n<p>Dall\u2019assessore dell\u2019Urbanistica ed Enti Locali Cristiano Erriu sono arrivati gli indirizzi per la predisposizione del Disegno di legge in materia di governo del territorio, approvati dalla giunta.&nbsp; Secondo le indicazioni della delibera, \u201cnel quadro normativo che si andr\u00e0 a delineare dovr\u00e0 assumere un ruolo fondamentale la parte dedicata alla pianificazione paesaggistica, in armonia alla convenzione europea del paesaggio, alle previsioni costituzionali e statutarie, alle disposizioni normative nazionali e regionali nonch\u00e9, sul piano pi\u00f9 strettamente politico, alle strategie tratteggiate nel programma di governo che considera il Paesaggio bene comune su cui si basa l\u2019identit\u00e0 della Sardegna, indicando le finalit\u00e0 che si intendono conseguire nell\u2019azione di governo, ovvero quelle di tutela, promozione e valorizzazione in un quadro di certezze per i cittadini e per gli amministratori locali\u201d.<\/p>\n<p>Atto di indirizzo anche da parte dell\u2019assessore dell\u2019Industria Maria Grazia Piras, su tema Igea: attraverso la delibera approvata si d\u00e0 mandato all\u2019approvazione del bilancio in assemblea e si prevede, in prospettiva, una convenzione triennale che semplifica il rapporto tra la Regione e Igea.<\/p>\n<p>Approvata la proposta dell\u2019assessore della Sanit\u00e0 Luigi Arru che recepisce l'Accordo tra Governo, Regioni e Province Autonome sulle Linee guida per l'adozione dei piani di controllo e certificazione nei confronti della paratubercolosi bovina, malattia infettiva e trasmissibile in grado di provocare danni ingenti agli allevamenti. Con una modifica al cronoprogramma, \u00e8 stato inoltre definito il percorso che consentir\u00e0 la certificabilit\u00e0 dei bilanci delle ASL secondo quanto disposto dal DM 1 marzo 2012.<\/p>\n<p>La delibera presentata dall'Assessore dei Lavori pubblici Paolo Maninchedda sull\u2019Azienda regionale per l'edilizia abitativa (AREA) individua inadempimenti e criticit\u00e0 tali da condizionare regolarit\u00e0 e tempistica nella normale conduzione dell\u2019Azienda, e d\u00e0 avvio al procedimento per lo scioglimento anticipato del Consiglio di Amministrazione di AREA, assegnando dieci giorni di tempo per eventuali controdeduzioni. La giunta ha infine approvato alcune delibere di tipo legale. Com<\/p>\n","protected":false},"excerpt":{"rendered":"<p>Si \u00e8 aperta con la presa d\u2019atto del bilancio d\u2019esercizio 2013 di Sardegna Ricerche la seduta della giunta guidata da Francesco Pigliaru, riunita oggi nella&#8230;<\/p>\n","protected":false},"author":2,"featured_media":0,"comment_status":"closed","ping_status":"closed","sticky":false,"template":"","format":"standard","meta":[],"categories":[49],"tags":[],"_links":{"self":[{"href":"https:\/\/www.cronacaonline.it\/index.php\/wp-json\/wp\/v2\/posts\/111591"}],"collection":[{"href":"https:\/\/www.cronacaonline.it\/index.php\/wp-json\/wp\/v2\/posts"}],"about":[{"href":"https:\/\/www.cronacaonline.it\/index.php\/wp-json\/wp\/v2\/types\/post"}],"author":[{"embeddable":true,"href":"https:\/\/www.cronacaonline.it\/index.php\/wp-json\/wp\/v2\/users\/2"}],"replies":[{"embeddable":true,"href":"https:\/\/www.cronacaonline.it\/index.php\/wp-json\/wp\/v2\/comments?post=111591"}],"version-history":[{"count":0,"href":"https:\/\/www.cronacaonline.it\/index.php\/wp-json\/wp\/v2\/posts\/111591\/revisions"}],"wp:attachment":[{"href":"https:\/\/www.cronacaonline.it\/index.php\/wp-json\/wp\/v2\/media?parent=111591"}],"wp:term":[{"taxonomy":"category","embeddable":true,"href":"https:\/\/www.cronacaonline.it\/index.php\/wp-json\/wp\/v2\/categories?post=111591"},{"taxonomy":"post_tag","embeddable":true,"href":"https:\/\/www.cronacaonline.it\/index.php\/wp-json\/wp\/v2\/tags?post=111591"}],"curies":[{"name":"wp","href":"https:\/\/api.w.org\/{rel}","templated":true}]}}